{"id":115655,"date":"2015-12-12T11:43:20","date_gmt":"2015-12-12T15:43:20","guid":{"rendered":"http:\/\/www.extraderondonia.com.br\/?p=115655"},"modified":"2015-12-12T11:43:20","modified_gmt":"2015-12-12T15:43:20","slug":"melancia-amarela-comeca-a-ser-cultivada-em-vilhena","status":"publish","type":"post","link":"https:\/\/www.extraderondonia.com.br\/sistema\/2015\/12\/12\/melancia-amarela-comeca-a-ser-cultivada-em-vilhena\/","title":{"rendered":"Melancia amarela come\u00e7a a ser cultivada em Vilhena"},"content":{"rendered":"<p><a href=\"http:\/\/www.extraderondonia.com.br\/sistema\/wp-content\/uploads\/2015\/12\/malencia.jpg\"><img loading=\"lazy\" decoding=\"async\" class=\"alignleft size-medium wp-image-115656\" src=\"http:\/\/www.extraderondonia.com.br\/sistema\/wp-content\/uploads\/2015\/12\/malencia-300x168.jpg\" alt=\"malencia\" width=\"300\" height=\"168\" \/><\/a>A melancia amarela crioula \u00e9 uma variedade rara\u00a0 e antiga. O engenheiro agr\u00f4nomo\u00a0 da Secretaria Municipal de Agricultura de Vilhena (SEMAGRI) Gustavo N\u00f3brega Lisb\u00f4a, explicou que sabor da fruta \u00e9 semelhante \u00e0s variedades vermelhas, mas possuem nutrientes diferentes, al\u00e9m de serem bastante r\u00fasticas no cultivo.<\/p>\n<p>De acordo com Gustavo, as sementes da melancia amarela crioula podem ser plantadas e replantadas ap\u00f3s a colheita sem perder o vigor. \u201cMuitos agricultores do Cone Sul relataram que n\u00e3o viam essa variedade de melancia amarela a mais de 20 anos\u201d, disse Gustavo, que informou que o respons\u00e1vel pelo resgate da semente e cultivo desta raridade foi o agricultor Evandro Ott, da Associa\u00e7\u00e3o dos Agricultores Familiares da Gleba Iqu\u00ea (AFOGI).<\/p>\n<p>Evandro \u00a0contou que as sementes vieram do Rio Grande do Sul, atrav\u00e9s de parceria com o Sindicato de Trabalhadores e Trabalhadoras Rurais de Vilhena e Chupinguaia (STTR), e se desenvolveram muito bem em Vilhena sem o uso de agrot\u00f3xicos.<\/p>\n<p>Segundo Gustavo, inicialmente o cultivo foi para produ\u00e7\u00e3o e disponibiliza\u00e7\u00e3o de sementes para parceiros do Banco Municipal de Sementes Crioulas de Vilhena experimental da Secretaria Municipal de Agricultura de Vilhena.<\/p>\n<p><strong><em>Sobre o Banco de Sementes <\/em><\/strong><\/p>\n<p>O Banco de Sementes teve inicio atrav\u00e9s do Conselho Municipal de Desenvolvimento Rural (CMDR) que apresentou a id\u00e9ia para a SEMAGRI e tem como objetivo beneficiar a agricultura familiar na diversifica\u00e7\u00e3o produtiva e cultivo agroecol\u00f3gico.<\/p>\n<p>O banco funciona da seguinte forma, o agricultor que retira sementes emprestadas, fica respons\u00e1vel em devolver o dobro da quantidade retirada.\u00a0 Agricultores familiares que tiverem interesse em emprestar a semente da melancia amarela ou de outra cultura\u00a0 como milhos, feij\u00f5es e ab\u00f3boras podem procurar a SEMAGRI e fazer a retirada.\u00a0 Atualmente o banco conta com mais de 80 variedades de sementes.<\/p>\n<p>Texto: Extra de Rond\u00f4nia<\/p>\n<p>Fotos: Divulga\u00e7\u00e3o<\/p>\n","protected":false},"excerpt":{"rendered":"<p>A melancia amarela crioula \u00e9 uma variedade rara\u00a0 e antiga. O engenheiro agr\u00f4nomo\u00a0 da Secretaria Municipal de Agricultura de Vilhena (SEMAGRI) Gustavo N\u00f3brega Lisb\u00f4a, explicou que sabor da fruta \u00e9 semelhante \u00e0s variedades vermelhas, mas possuem nutrientes diferentes, al\u00e9m de serem bastante r\u00fasticas no cultivo. De acordo com Gustavo, as sementes da melancia amarela crioula [&hellip;]<\/p>\n","protected":false},"author":2,"featured_media":115656,"comment_status":"open","ping_status":"closed","sticky":false,"template":"","format":"standard","meta":{"footnotes":""},"categories":[1],"tags":[],"class_list":["post-115655","post","type-post","status-publish","format-standard","has-post-thumbnail","hentry","category-geral"],"_links":{"self":[{"href":"https:\/\/www.extraderondonia.com.br\/sistema\/wp-json\/wp\/v2\/posts\/115655","targetHints":{"allow":["GET"]}}],"collection":[{"href":"https:\/\/www.extraderondonia.com.br\/sistema\/wp-json\/wp\/v2\/posts"}],"about":[{"href":"https:\/\/www.extraderondonia.com.br\/sistema\/wp-json\/wp\/v2\/types\/post"}],"author":[{"embeddable":true,"href":"https:\/\/www.extraderondonia.com.br\/sistema\/wp-json\/wp\/v2\/users\/2"}],"replies":[{"embeddable":true,"href":"https:\/\/www.extraderondonia.com.br\/sistema\/wp-json\/wp\/v2\/comments?post=115655"}],"version-history":[{"count":0,"href":"https:\/\/www.extraderondonia.com.br\/sistema\/wp-json\/wp\/v2\/posts\/115655\/revisions"}],"wp:featuredmedia":[{"embeddable":true,"href":"https:\/\/www.extraderondonia.com.br\/sistema\/wp-json\/wp\/v2\/media\/115656"}],"wp:attachment":[{"href":"https:\/\/www.extraderondonia.com.br\/sistema\/wp-json\/wp\/v2\/media?parent=115655"}],"wp:term":[{"taxonomy":"category","embeddable":true,"href":"https:\/\/www.extraderondonia.com.br\/sistema\/wp-json\/wp\/v2\/categories?post=115655"},{"taxonomy":"post_tag","embeddable":true,"href":"https:\/\/www.extraderondonia.com.br\/sistema\/wp-json\/wp\/v2\/tags?post=115655"}],"curies":[{"name":"wp","href":"https:\/\/api.w.org\/{rel}","templated":true}]}}