{"id":133653,"date":"2016-06-17T14:19:31","date_gmt":"2016-06-17T18:19:31","guid":{"rendered":"http:\/\/www.extraderondonia.com.br\/?p=133653"},"modified":"2016-06-18T11:54:56","modified_gmt":"2016-06-18T15:54:56","slug":"agentes-penitenciarios-decretam-greve-e-exigem-reajuste-salarial-em-cerejeiras","status":"publish","type":"post","link":"https:\/\/www.extraderondonia.com.br\/sistema\/2016\/06\/17\/agentes-penitenciarios-decretam-greve-e-exigem-reajuste-salarial-em-cerejeiras\/","title":{"rendered":"Agentes penitenci\u00e1rios decretam greve e exigem reajuste salarial em Cerejeiras"},"content":{"rendered":"<p><img loading=\"lazy\" decoding=\"async\" class=\"alignright size-medium wp-image-133654\" src=\"http:\/\/www.extraderondonia.com.br\/sistema\/wp-content\/uploads\/2016\/06\/WhatsApp-Image-20160617-300x169.jpg\" alt=\"WhatsApp-Image-20160617\" width=\"300\" height=\"169\" srcset=\"https:\/\/www.extraderondonia.com.br\/sistema\/wp-content\/uploads\/2016\/06\/WhatsApp-Image-20160617-300x169.jpg 300w, https:\/\/www.extraderondonia.com.br\/sistema\/wp-content\/uploads\/2016\/06\/WhatsApp-Image-20160617-696x392.jpg 696w, https:\/\/www.extraderondonia.com.br\/sistema\/wp-content\/uploads\/2016\/06\/WhatsApp-Image-20160617-747x420.jpg 747w, https:\/\/www.extraderondonia.com.br\/sistema\/wp-content\/uploads\/2016\/06\/WhatsApp-Image-20160617-768x432.jpg 768w, https:\/\/www.extraderondonia.com.br\/sistema\/wp-content\/uploads\/2016\/06\/WhatsApp-Image-20160617-600x338.jpg 600w, https:\/\/www.extraderondonia.com.br\/sistema\/wp-content\/uploads\/2016\/06\/WhatsApp-Image-20160617-140x80.jpg 140w, https:\/\/www.extraderondonia.com.br\/sistema\/wp-content\/uploads\/2016\/06\/WhatsApp-Image-20160617.jpg 800w\" sizes=\"auto, (max-width: 300px) 100vw, 300px\" \/>Os agentes penitenci\u00e1rios de Cerejeiras aderiram ao movimento de greve proposto pelo Sindicato dos Agentes Penitenci\u00e1rios e Socioeducadores de Rond\u00f4nia (Singeperon), que exigem o reajuste salarial da categoria.<\/p>\n<p>De acordo com informa\u00e7\u00f5es obtidas pela reportagem do <strong><em>Extra de Rond\u00f4nia<\/em><\/strong>, cerca de 70% dos servidores desfalcam os setores de seguran\u00e7a prisional do munic\u00edpio. O movimento come\u00e7ou ontem, quinta-feira, 16, e n\u00e3o tem um prazo previsto para encerrar.<\/p>\n<p>Em nota, o Governo do Estado alegou que nos \u00faltimos 6 anos o sal\u00e1rio da categoria tem sido duplicado e demonstrou n\u00e3o estar aberto a negocia\u00e7\u00f5es.<\/p>\n<p>Ainda na quinta-feira, em uma decis\u00e3o cautelar a pedido do governo, a Justi\u00e7a determinou a suspens\u00e3o do movimento grevista em todo o Estado e caso n\u00e3o seja cumprida o sindicato estaria sujeito a pagar multa di\u00e1ria que varia entre R$ 50 mil a R$ 1 milh\u00e3o.<\/p>\n<p>Mesmo com a interven\u00e7\u00e3o da justi\u00e7a, agentes penitenci\u00e1rios de v\u00e1rias cidades do Estado, inclusive Cerejeiras,\u00a0cruzaram os bra\u00e7os e esperam que as reivindica\u00e7\u00f5es sejam aceitas pelo Estado.<\/p>\n<p><img loading=\"lazy\" decoding=\"async\" class=\"aligncenter size-large wp-image-133655\" src=\"http:\/\/www.extraderondonia.com.br\/sistema\/wp-content\/uploads\/2016\/06\/WhatsApp-Image-20160617-1-600x338.jpg\" alt=\"WhatsApp-Image-20160617 (1)\" width=\"600\" height=\"338\" srcset=\"https:\/\/www.extraderondonia.com.br\/sistema\/wp-content\/uploads\/2016\/06\/WhatsApp-Image-20160617-1-600x338.jpg 600w, https:\/\/www.extraderondonia.com.br\/sistema\/wp-content\/uploads\/2016\/06\/WhatsApp-Image-20160617-1-300x169.jpg 300w, https:\/\/www.extraderondonia.com.br\/sistema\/wp-content\/uploads\/2016\/06\/WhatsApp-Image-20160617-1-768x432.jpg 768w, https:\/\/www.extraderondonia.com.br\/sistema\/wp-content\/uploads\/2016\/06\/WhatsApp-Image-20160617-1-140x80.jpg 140w, https:\/\/www.extraderondonia.com.br\/sistema\/wp-content\/uploads\/2016\/06\/WhatsApp-Image-20160617-1.jpg 1280w\" sizes=\"auto, (max-width: 600px) 100vw, 600px\" \/><\/p>\n<p>Texto: Extra de Rond\u00f4nia<\/p>\n<p>Fotos: Extra de Rond\u00f4nia<\/p>\n","protected":false},"excerpt":{"rendered":"<p>Os agentes penitenci\u00e1rios de Cerejeiras aderiram ao movimento de greve proposto pelo Sindicato dos Agentes Penitenci\u00e1rios e Socioeducadores de Rond\u00f4nia (Singeperon), que exigem o reajuste salarial da categoria. De acordo com informa\u00e7\u00f5es obtidas pela reportagem do Extra de Rond\u00f4nia, cerca de 70% dos servidores desfalcam os setores de seguran\u00e7a prisional do munic\u00edpio. O movimento come\u00e7ou [&hellip;]<\/p>\n","protected":false},"author":2,"featured_media":133654,"comment_status":"open","ping_status":"closed","sticky":false,"template":"","format":"standard","meta":{"footnotes":""},"categories":[14],"tags":[],"class_list":["post-133653","post","type-post","status-publish","format-standard","has-post-thumbnail","hentry","category-conesul"],"_links":{"self":[{"href":"https:\/\/www.extraderondonia.com.br\/sistema\/wp-json\/wp\/v2\/posts\/133653","targetHints":{"allow":["GET"]}}],"collection":[{"href":"https:\/\/www.extraderondonia.com.br\/sistema\/wp-json\/wp\/v2\/posts"}],"about":[{"href":"https:\/\/www.extraderondonia.com.br\/sistema\/wp-json\/wp\/v2\/types\/post"}],"author":[{"embeddable":true,"href":"https:\/\/www.extraderondonia.com.br\/sistema\/wp-json\/wp\/v2\/users\/2"}],"replies":[{"embeddable":true,"href":"https:\/\/www.extraderondonia.com.br\/sistema\/wp-json\/wp\/v2\/comments?post=133653"}],"version-history":[{"count":0,"href":"https:\/\/www.extraderondonia.com.br\/sistema\/wp-json\/wp\/v2\/posts\/133653\/revisions"}],"wp:featuredmedia":[{"embeddable":true,"href":"https:\/\/www.extraderondonia.com.br\/sistema\/wp-json\/wp\/v2\/media\/133654"}],"wp:attachment":[{"href":"https:\/\/www.extraderondonia.com.br\/sistema\/wp-json\/wp\/v2\/media?parent=133653"}],"wp:term":[{"taxonomy":"category","embeddable":true,"href":"https:\/\/www.extraderondonia.com.br\/sistema\/wp-json\/wp\/v2\/categories?post=133653"},{"taxonomy":"post_tag","embeddable":true,"href":"https:\/\/www.extraderondonia.com.br\/sistema\/wp-json\/wp\/v2\/tags?post=133653"}],"curies":[{"name":"wp","href":"https:\/\/api.w.org\/{rel}","templated":true}]}}