{"id":133658,"date":"2016-06-17T15:02:51","date_gmt":"2016-06-17T19:02:51","guid":{"rendered":"http:\/\/www.extraderondonia.com.br\/?p=133658"},"modified":"2016-06-18T18:58:45","modified_gmt":"2016-06-18T22:58:45","slug":"mulher-e-hospitalizada-apos-motoqueiro-bater-em-traseira-de-bicicleta","status":"publish","type":"post","link":"https:\/\/www.extraderondonia.com.br\/sistema\/2016\/06\/17\/mulher-e-hospitalizada-apos-motoqueiro-bater-em-traseira-de-bicicleta\/","title":{"rendered":"Mulher \u00e9 hospitalizada ap\u00f3s motoqueiro bater em traseira de bicicleta"},"content":{"rendered":"<p>&nbsp;<\/p>\n<p><img loading=\"lazy\" decoding=\"async\" class=\"alignright size-medium wp-image-133659\" src=\"http:\/\/www.extraderondonia.com.br\/sistema\/wp-content\/uploads\/2016\/06\/13441669_947148275406489_1399038240_o-300x169.jpg\" alt=\"13441669_947148275406489_1399038240_o\" width=\"300\" height=\"169\" srcset=\"https:\/\/www.extraderondonia.com.br\/sistema\/wp-content\/uploads\/2016\/06\/13441669_947148275406489_1399038240_o-300x169.jpg 300w, https:\/\/www.extraderondonia.com.br\/sistema\/wp-content\/uploads\/2016\/06\/13441669_947148275406489_1399038240_o-600x338.jpg 600w, https:\/\/www.extraderondonia.com.br\/sistema\/wp-content\/uploads\/2016\/06\/13441669_947148275406489_1399038240_o-140x80.jpg 140w, https:\/\/www.extraderondonia.com.br\/sistema\/wp-content\/uploads\/2016\/06\/13441669_947148275406489_1399038240_o.jpg 640w\" sizes=\"auto, (max-width: 300px) 100vw, 300px\" \/>Acidente envolvendo uma moto CG Fan 150 e uma ciclista ocorreu na tarde desta sexta-feira, 17, na Avenida Celso Mazutti, no bairro Bodanese, em Vilhena.<\/p>\n<p>De acordo com informa\u00e7\u00f5es colhidas pela reportagem do <strong><em>Extra de Rond\u00f4nia<\/em><\/strong>, o condutor da moto de 22 anos, seguia sentido Cuiab\u00e1, quando pr\u00f3ximo ao cruzamento com a Avenida Melvin Jones, bateu na traseira da ciclista que trafegava na direita da via.<\/p>\n<p>Com o impacto, a mulher foi lan\u00e7ada as margens da avenida, a roda da bicicleta quebrou em v\u00e1rios lugares.<\/p>\n<p>A ciclista foi socorrida com v\u00e1rios ferimentos ao Hospital Regional pelo Corpo de Bombeiros. O rapaz sofreu escoria\u00e7\u00f5es leves e n\u00e3o quis ser levado ao hospital.<\/p>\n<p>A Pol\u00edcia Militar de Tr\u00e2nsito registrou a ocorr\u00eancia.<\/p>\n<p><img loading=\"lazy\" decoding=\"async\" class=\"aligncenter size-large wp-image-133661\" src=\"http:\/\/www.extraderondonia.com.br\/sistema\/wp-content\/uploads\/2016\/06\/13445874_947148215406495_1885524385_o-600x338.jpg\" alt=\"13445874_947148215406495_1885524385_o\" width=\"600\" height=\"338\" srcset=\"https:\/\/www.extraderondonia.com.br\/sistema\/wp-content\/uploads\/2016\/06\/13445874_947148215406495_1885524385_o-600x338.jpg 600w, https:\/\/www.extraderondonia.com.br\/sistema\/wp-content\/uploads\/2016\/06\/13445874_947148215406495_1885524385_o-300x169.jpg 300w, https:\/\/www.extraderondonia.com.br\/sistema\/wp-content\/uploads\/2016\/06\/13445874_947148215406495_1885524385_o-140x80.jpg 140w, https:\/\/www.extraderondonia.com.br\/sistema\/wp-content\/uploads\/2016\/06\/13445874_947148215406495_1885524385_o.jpg 640w\" sizes=\"auto, (max-width: 600px) 100vw, 600px\" \/><\/p>\n<p><img loading=\"lazy\" decoding=\"async\" class=\"aligncenter size-large wp-image-133662\" src=\"http:\/\/www.extraderondonia.com.br\/sistema\/wp-content\/uploads\/2016\/06\/13445836_947148342073149_1516971346_o-600x338.jpg\" alt=\"13445836_947148342073149_1516971346_o\" width=\"600\" height=\"338\" srcset=\"https:\/\/www.extraderondonia.com.br\/sistema\/wp-content\/uploads\/2016\/06\/13445836_947148342073149_1516971346_o-600x338.jpg 600w, https:\/\/www.extraderondonia.com.br\/sistema\/wp-content\/uploads\/2016\/06\/13445836_947148342073149_1516971346_o-300x169.jpg 300w, https:\/\/www.extraderondonia.com.br\/sistema\/wp-content\/uploads\/2016\/06\/13445836_947148342073149_1516971346_o-140x80.jpg 140w, https:\/\/www.extraderondonia.com.br\/sistema\/wp-content\/uploads\/2016\/06\/13445836_947148342073149_1516971346_o.jpg 640w\" sizes=\"auto, (max-width: 600px) 100vw, 600px\" \/><\/p>\n<p><img loading=\"lazy\" decoding=\"async\" class=\"aligncenter size-large wp-image-133663\" src=\"http:\/\/www.extraderondonia.com.br\/sistema\/wp-content\/uploads\/2016\/06\/13467383_947148292073154_542715587_o-600x338.jpg\" alt=\"13467383_947148292073154_542715587_o\" width=\"600\" height=\"338\" srcset=\"https:\/\/www.extraderondonia.com.br\/sistema\/wp-content\/uploads\/2016\/06\/13467383_947148292073154_542715587_o-600x338.jpg 600w, https:\/\/www.extraderondonia.com.br\/sistema\/wp-content\/uploads\/2016\/06\/13467383_947148292073154_542715587_o-300x169.jpg 300w, https:\/\/www.extraderondonia.com.br\/sistema\/wp-content\/uploads\/2016\/06\/13467383_947148292073154_542715587_o-140x80.jpg 140w, https:\/\/www.extraderondonia.com.br\/sistema\/wp-content\/uploads\/2016\/06\/13467383_947148292073154_542715587_o.jpg 640w\" sizes=\"auto, (max-width: 600px) 100vw, 600px\" \/><\/p>\n<p><img loading=\"lazy\" decoding=\"async\" class=\"aligncenter size-large wp-image-133664\" src=\"http:\/\/www.extraderondonia.com.br\/sistema\/wp-content\/uploads\/2016\/06\/13467863_947148132073170_1362346711_o-600x338.jpg\" alt=\"13467863_947148132073170_1362346711_o\" width=\"600\" height=\"338\" srcset=\"https:\/\/www.extraderondonia.com.br\/sistema\/wp-content\/uploads\/2016\/06\/13467863_947148132073170_1362346711_o-600x338.jpg 600w, https:\/\/www.extraderondonia.com.br\/sistema\/wp-content\/uploads\/2016\/06\/13467863_947148132073170_1362346711_o-300x169.jpg 300w, https:\/\/www.extraderondonia.com.br\/sistema\/wp-content\/uploads\/2016\/06\/13467863_947148132073170_1362346711_o-140x80.jpg 140w, https:\/\/www.extraderondonia.com.br\/sistema\/wp-content\/uploads\/2016\/06\/13467863_947148132073170_1362346711_o.jpg 640w\" sizes=\"auto, (max-width: 600px) 100vw, 600px\" \/><\/p>\n<p>Texto: Extra de Rond\u00f4nia<\/p>\n<p>Fotos: Extra de Rond\u00f4nia<\/p>\n","protected":false},"excerpt":{"rendered":"<p>&nbsp; Acidente envolvendo uma moto CG Fan 150 e uma ciclista ocorreu na tarde desta sexta-feira, 17, na Avenida Celso Mazutti, no bairro Bodanese, em Vilhena. De acordo com informa\u00e7\u00f5es colhidas pela reportagem do Extra de Rond\u00f4nia, o condutor da moto de 22 anos, seguia sentido Cuiab\u00e1, quando pr\u00f3ximo ao cruzamento com a Avenida Melvin [&hellip;]<\/p>\n","protected":false},"author":4,"featured_media":133660,"comment_status":"open","ping_status":"closed","sticky":false,"template":"","format":"standard","meta":{"footnotes":""},"categories":[3],"tags":[],"class_list":["post-133658","post","type-post","status-publish","format-standard","has-post-thumbnail","hentry","category-policial"],"_links":{"self":[{"href":"https:\/\/www.extraderondonia.com.br\/sistema\/wp-json\/wp\/v2\/posts\/133658","targetHints":{"allow":["GET"]}}],"collection":[{"href":"https:\/\/www.extraderondonia.com.br\/sistema\/wp-json\/wp\/v2\/posts"}],"about":[{"href":"https:\/\/www.extraderondonia.com.br\/sistema\/wp-json\/wp\/v2\/types\/post"}],"author":[{"embeddable":true,"href":"https:\/\/www.extraderondonia.com.br\/sistema\/wp-json\/wp\/v2\/users\/4"}],"replies":[{"embeddable":true,"href":"https:\/\/www.extraderondonia.com.br\/sistema\/wp-json\/wp\/v2\/comments?post=133658"}],"version-history":[{"count":0,"href":"https:\/\/www.extraderondonia.com.br\/sistema\/wp-json\/wp\/v2\/posts\/133658\/revisions"}],"wp:featuredmedia":[{"embeddable":true,"href":"https:\/\/www.extraderondonia.com.br\/sistema\/wp-json\/wp\/v2\/media\/133660"}],"wp:attachment":[{"href":"https:\/\/www.extraderondonia.com.br\/sistema\/wp-json\/wp\/v2\/media?parent=133658"}],"wp:term":[{"taxonomy":"category","embeddable":true,"href":"https:\/\/www.extraderondonia.com.br\/sistema\/wp-json\/wp\/v2\/categories?post=133658"},{"taxonomy":"post_tag","embeddable":true,"href":"https:\/\/www.extraderondonia.com.br\/sistema\/wp-json\/wp\/v2\/tags?post=133658"}],"curies":[{"name":"wp","href":"https:\/\/api.w.org\/{rel}","templated":true}]}}