{"id":133673,"date":"2016-06-17T15:27:03","date_gmt":"2016-06-17T19:27:03","guid":{"rendered":"http:\/\/www.extraderondonia.com.br\/?p=133673"},"modified":"2016-06-19T21:37:25","modified_gmt":"2016-06-20T01:37:25","slug":"no-dia-do-evangelico-religiosos-promovem-atividades-esportivas-em-vilhena","status":"publish","type":"post","link":"https:\/\/www.extraderondonia.com.br\/sistema\/2016\/06\/17\/no-dia-do-evangelico-religiosos-promovem-atividades-esportivas-em-vilhena\/","title":{"rendered":"No Dia do Evang\u00e9lico, religiosos promovem atividades esportivas em Vilhena"},"content":{"rendered":"<figure id=\"attachment_133674\" aria-describedby=\"caption-attachment-133674\" style=\"width: 300px\" class=\"wp-caption alignleft\"><a href=\"http:\/\/www.extraderondonia.com.br\/sistema\/wp-content\/uploads\/2016\/06\/pastor.jpg\" rel=\"attachment wp-att-133674\"><img loading=\"lazy\" decoding=\"async\" class=\"size-medium wp-image-133674\" src=\"http:\/\/www.extraderondonia.com.br\/sistema\/wp-content\/uploads\/2016\/06\/pastor-300x267.jpg\" alt=\"Pastor Genivaldo Santos\" width=\"300\" height=\"267\" srcset=\"https:\/\/www.extraderondonia.com.br\/sistema\/wp-content\/uploads\/2016\/06\/pastor-300x267.jpg 300w, https:\/\/www.extraderondonia.com.br\/sistema\/wp-content\/uploads\/2016\/06\/pastor.jpg 378w\" sizes=\"auto, (max-width: 300px) 100vw, 300px\" \/><\/a><figcaption id=\"caption-attachment-133674\" class=\"wp-caption-text\">Pastor Genivaldo Santos<\/figcaption><\/figure>\n<p>Ao contr\u00e1rio de outros anos, desta vez, o feriado ecum\u00eanico deste s\u00e1bado, 18, n\u00e3o ter\u00e1 como principal atrativo a \u201cMarcha para Jesus\u201d.<\/p>\n<p>Em visita ao <strong><em>Extra de Rond\u00f4nia<\/em><\/strong>, o Pastor Genivaldo Santos, explicou que a mudan\u00e7a na programa\u00e7\u00e3o se deve ao fato de estarmos em ano eleitoral, por isso a op\u00e7\u00e3o foi promover atividades esportivas em v\u00e1rios pontos da cidade.<\/p>\n<p>A iniciativa tamb\u00e9m faz parte de a\u00e7\u00e3o para que Vilhena mantenha o Selo Unicef, que destaca realiza\u00e7\u00f5es em prol da comunidade.<\/p>\n<p>As atividades esportivas acontecer\u00e3o entre \u00e0s 08h00 e 19h00, e est\u00e3o programadas para ocorrer em cinco locais diferentes. Haver\u00e1 capoeira na quadra esportiva da Guarda Mirim; basquete no Gin\u00e1sio Gerald\u00e3o; v\u00f4lei na AABB; futsal no Gin\u00e1sio de Esportes Jorge Teixeira; e futebol no Est\u00e1dio Municipal.<\/p>\n<p>Paralelo a isso haver\u00e1 apresenta\u00e7\u00e3o de trabalhos infantis realizados por entidades que trabalham com as crian\u00e7as da cidade, atividade programada para ocorrer no Gin\u00e1sio de Esporte Jorge Teixeira.<\/p>\n<p>Haver\u00e1 lanches para a crian\u00e7ada, e a perspectiva \u00e9 que as atra\u00e7\u00f5es sejam prestigiadas por mais de 800 pessoas. A programa\u00e7\u00e3o \u00e9 aberta \u00e0 comunidade, destaca o pastor Genivaldo Santos.<\/p>\n<p>&nbsp;<\/p>\n<p>Fonte: Extra de Rond\u00f4nia<\/p>\n<p>Foto: Extra de Rond\u00f4nia<\/p>\n","protected":false},"excerpt":{"rendered":"<p>Ao contr\u00e1rio de outros anos, desta vez, o feriado ecum\u00eanico deste s\u00e1bado, 18, n\u00e3o ter\u00e1 como principal atrativo a \u201cMarcha para Jesus\u201d. Em visita ao Extra de Rond\u00f4nia, o Pastor Genivaldo Santos, explicou que a mudan\u00e7a na programa\u00e7\u00e3o se deve ao fato de estarmos em ano eleitoral, por isso a op\u00e7\u00e3o foi promover atividades esportivas [&hellip;]<\/p>\n","protected":false},"author":3,"featured_media":133674,"comment_status":"open","ping_status":"closed","sticky":false,"template":"","format":"standard","meta":{"footnotes":""},"categories":[12],"tags":[],"class_list":["post-133673","post","type-post","status-publish","format-standard","has-post-thumbnail","hentry","category-sem-categoria"],"_links":{"self":[{"href":"https:\/\/www.extraderondonia.com.br\/sistema\/wp-json\/wp\/v2\/posts\/133673","targetHints":{"allow":["GET"]}}],"collection":[{"href":"https:\/\/www.extraderondonia.com.br\/sistema\/wp-json\/wp\/v2\/posts"}],"about":[{"href":"https:\/\/www.extraderondonia.com.br\/sistema\/wp-json\/wp\/v2\/types\/post"}],"author":[{"embeddable":true,"href":"https:\/\/www.extraderondonia.com.br\/sistema\/wp-json\/wp\/v2\/users\/3"}],"replies":[{"embeddable":true,"href":"https:\/\/www.extraderondonia.com.br\/sistema\/wp-json\/wp\/v2\/comments?post=133673"}],"version-history":[{"count":0,"href":"https:\/\/www.extraderondonia.com.br\/sistema\/wp-json\/wp\/v2\/posts\/133673\/revisions"}],"wp:featuredmedia":[{"embeddable":true,"href":"https:\/\/www.extraderondonia.com.br\/sistema\/wp-json\/wp\/v2\/media\/133674"}],"wp:attachment":[{"href":"https:\/\/www.extraderondonia.com.br\/sistema\/wp-json\/wp\/v2\/media?parent=133673"}],"wp:term":[{"taxonomy":"category","embeddable":true,"href":"https:\/\/www.extraderondonia.com.br\/sistema\/wp-json\/wp\/v2\/categories?post=133673"},{"taxonomy":"post_tag","embeddable":true,"href":"https:\/\/www.extraderondonia.com.br\/sistema\/wp-json\/wp\/v2\/tags?post=133673"}],"curies":[{"name":"wp","href":"https:\/\/api.w.org\/{rel}","templated":true}]}}