{"id":133677,"date":"2016-06-17T16:25:53","date_gmt":"2016-06-17T20:25:53","guid":{"rendered":"http:\/\/www.extraderondonia.com.br\/?p=133677"},"modified":"2016-06-19T21:34:45","modified_gmt":"2016-06-20T01:34:45","slug":"pp-realiza-curso-de-formacao-de-liderancas","status":"publish","type":"post","link":"https:\/\/www.extraderondonia.com.br\/sistema\/2016\/06\/17\/pp-realiza-curso-de-formacao-de-liderancas\/","title":{"rendered":"PP realiza curso de forma\u00e7\u00e3o de lideran\u00e7as"},"content":{"rendered":"<p><img loading=\"lazy\" decoding=\"async\" class=\"alignleft size-medium wp-image-133678\" src=\"http:\/\/www.extraderondonia.com.br\/sistema\/wp-content\/uploads\/2016\/06\/jaqueline-cassol-300x201.jpg\" alt=\"jaqueline cassol\" width=\"300\" height=\"201\" srcset=\"https:\/\/www.extraderondonia.com.br\/sistema\/wp-content\/uploads\/2016\/06\/jaqueline-cassol-300x201.jpg 300w, https:\/\/www.extraderondonia.com.br\/sistema\/wp-content\/uploads\/2016\/06\/jaqueline-cassol-696x466.jpg 696w, https:\/\/www.extraderondonia.com.br\/sistema\/wp-content\/uploads\/2016\/06\/jaqueline-cassol-627x420.jpg 627w, https:\/\/www.extraderondonia.com.br\/sistema\/wp-content\/uploads\/2016\/06\/jaqueline-cassol-600x402.jpg 600w, https:\/\/www.extraderondonia.com.br\/sistema\/wp-content\/uploads\/2016\/06\/jaqueline-cassol.jpg 717w\" sizes=\"auto, (max-width: 300px) 100vw, 300px\" \/>Prosseguindo na iniciativa de preparar os pr\u00e9-candidatos \u00e0s elei\u00e7\u00f5es deste ano, o Partido Progressista promove amanh\u00e3 em Vilhena capacita\u00e7\u00e3o aos filiados do Cone Sul.<\/p>\n<p>O evento contar\u00e1 com a participa\u00e7\u00e3o da presidente estadual da legenda, Jaqueline Cassol. Apesar de ser voltado ao integrantes da legenda, a curso ser\u00e1 aberto ao p\u00fablico interessado.<\/p>\n<p>De acordo com Jaqueline ser\u00e3o feitas tr\u00eas palestras na ocasi\u00e3o. A primeira vai ser proferida pela pr\u00f3pria presidente estadual, e ter\u00e1 como tema as altera\u00e7\u00f5es na legisla\u00e7\u00e3o eleitoral.<\/p>\n<p>Depois ser\u00e1 a vez do jornalista Lu\u00eds Paulo falar sobre marketing pol\u00edtico, orat\u00f3ria, utiliza\u00e7\u00e3o de m\u00eddias sociais e outros assuntos relacionados a \u00e1rea de comunica\u00e7\u00e3o.<\/p>\n<p>Por fim haver\u00e1 palestra sobre aspectos burocr\u00e1ticos relacionados as exig\u00eancias aos candidatos, que ter\u00e1 como orador o t\u00e9cnico Claudio Farias.<\/p>\n<p>O curso disp\u00f5e de material de estudo atrav\u00e9s de kit que ser\u00e1 disponibilizado aos participantes. O treinamento \u00e9 gratuito, e ser\u00e1 aplicado no audit\u00f3rio principal da Galeria Mirage neste s\u00e1bado 18, a partir das 15 horas.<\/p>\n<p>Fonte: Extra de Rond\u00f4nia<\/p>\n<p>Foto: Extra de Rond\u00f4nia<\/p>\n","protected":false},"excerpt":{"rendered":"<p>Prosseguindo na iniciativa de preparar os pr\u00e9-candidatos \u00e0s elei\u00e7\u00f5es deste ano, o Partido Progressista promove amanh\u00e3 em Vilhena capacita\u00e7\u00e3o aos filiados do Cone Sul. O evento contar\u00e1 com a participa\u00e7\u00e3o da presidente estadual da legenda, Jaqueline Cassol. Apesar de ser voltado ao integrantes da legenda, a curso ser\u00e1 aberto ao p\u00fablico interessado. De acordo com [&hellip;]<\/p>\n","protected":false},"author":2,"featured_media":133678,"comment_status":"open","ping_status":"closed","sticky":false,"template":"","format":"standard","meta":{"footnotes":""},"categories":[12],"tags":[],"class_list":["post-133677","post","type-post","status-publish","format-standard","has-post-thumbnail","hentry","category-sem-categoria"],"_links":{"self":[{"href":"https:\/\/www.extraderondonia.com.br\/sistema\/wp-json\/wp\/v2\/posts\/133677","targetHints":{"allow":["GET"]}}],"collection":[{"href":"https:\/\/www.extraderondonia.com.br\/sistema\/wp-json\/wp\/v2\/posts"}],"about":[{"href":"https:\/\/www.extraderondonia.com.br\/sistema\/wp-json\/wp\/v2\/types\/post"}],"author":[{"embeddable":true,"href":"https:\/\/www.extraderondonia.com.br\/sistema\/wp-json\/wp\/v2\/users\/2"}],"replies":[{"embeddable":true,"href":"https:\/\/www.extraderondonia.com.br\/sistema\/wp-json\/wp\/v2\/comments?post=133677"}],"version-history":[{"count":0,"href":"https:\/\/www.extraderondonia.com.br\/sistema\/wp-json\/wp\/v2\/posts\/133677\/revisions"}],"wp:featuredmedia":[{"embeddable":true,"href":"https:\/\/www.extraderondonia.com.br\/sistema\/wp-json\/wp\/v2\/media\/133678"}],"wp:attachment":[{"href":"https:\/\/www.extraderondonia.com.br\/sistema\/wp-json\/wp\/v2\/media?parent=133677"}],"wp:term":[{"taxonomy":"category","embeddable":true,"href":"https:\/\/www.extraderondonia.com.br\/sistema\/wp-json\/wp\/v2\/categories?post=133677"},{"taxonomy":"post_tag","embeddable":true,"href":"https:\/\/www.extraderondonia.com.br\/sistema\/wp-json\/wp\/v2\/tags?post=133677"}],"curies":[{"name":"wp","href":"https:\/\/api.w.org\/{rel}","templated":true}]}}