{"id":133680,"date":"2016-06-17T16:39:38","date_gmt":"2016-06-17T20:39:38","guid":{"rendered":"http:\/\/www.extraderondonia.com.br\/?p=133680"},"modified":"2016-06-20T11:39:30","modified_gmt":"2016-06-20T15:39:30","slug":"esporte-dia-d-acontece-neste-sabado-em-vilhena","status":"publish","type":"post","link":"https:\/\/www.extraderondonia.com.br\/sistema\/2016\/06\/17\/esporte-dia-d-acontece-neste-sabado-em-vilhena\/","title":{"rendered":"ESPORTE: \u201cDia D\u201d acontece neste s\u00e1bado em Vilhena"},"content":{"rendered":"<p><a href=\"http:\/\/www.extraderondonia.com.br\/sistema\/wp-content\/uploads\/2016\/06\/futsal.jpg\" rel=\"attachment wp-att-133681\"><img loading=\"lazy\" decoding=\"async\" class=\"alignright size-medium wp-image-133681\" src=\"http:\/\/www.extraderondonia.com.br\/sistema\/wp-content\/uploads\/2016\/06\/futsal-300x211.jpg\" alt=\"futsal\" width=\"300\" height=\"211\" srcset=\"https:\/\/www.extraderondonia.com.br\/sistema\/wp-content\/uploads\/2016\/06\/futsal-300x211.jpg 300w, https:\/\/www.extraderondonia.com.br\/sistema\/wp-content\/uploads\/2016\/06\/futsal-100x70.jpg 100w, https:\/\/www.extraderondonia.com.br\/sistema\/wp-content\/uploads\/2016\/06\/futsal-696x489.jpg 696w, https:\/\/www.extraderondonia.com.br\/sistema\/wp-content\/uploads\/2016\/06\/futsal-597x420.jpg 597w, https:\/\/www.extraderondonia.com.br\/sistema\/wp-content\/uploads\/2016\/06\/futsal-768x540.jpg 768w, https:\/\/www.extraderondonia.com.br\/sistema\/wp-content\/uploads\/2016\/06\/futsal-600x422.jpg 600w, https:\/\/www.extraderondonia.com.br\/sistema\/wp-content\/uploads\/2016\/06\/futsal.jpg 1000w\" sizes=\"auto, (max-width: 300px) 100vw, 300px\" \/><\/a>A comiss\u00e3o intersetorial do selo UNICEF em Vilhena anunciou no in\u00edcio da tarde desta sexta-feira, 17, que realizar\u00e1 durante todo este s\u00e1bado, 18, o Dia \u201cD\u201d.<\/p>\n<p>O evento tem como objetivo unir crian\u00e7as de todas as faixas-et\u00e1rias moradoras do munic\u00edpio para um momento de lazer com atividades esportivas e de cidadania.<\/p>\n<p>De acordo com a comiss\u00e3o, o evento conta com o apoio da sociedade civil organizada, cooperativas e \u00f3rg\u00e3os p\u00fablicos.<\/p>\n<p>O evento inicia-se oficialmente \u00e0s 7:30h no est\u00e1dio \u201cPortal da Amaz\u00f4nia\u201d. Durante todo o s\u00e1bado haver\u00e1 jogos de futebol, futsal, basquete, v\u00f4lei, entre outras atividades.<\/p>\n<p>As crian\u00e7as que ir\u00e3o participar do evento receber\u00e3o lanches, doces, pipoca e refrigerante. Os participantes concorrer\u00e3o a premia\u00e7\u00f5es que v\u00e3o desde bicicletas at\u00e9 mesmo poupan\u00e7as. Todas as crian\u00e7as que estiverem no gin\u00e1sio receber\u00e3o n\u00fameros que ser\u00e3o sorteados.<\/p>\n<p>A distribui\u00e7\u00e3o dos pr\u00eamios inicia-se \u00e0s 15h00 e segue at\u00e9 o final da tarde, \u00e0s 17h00.<\/p>\n<p>&nbsp;<\/p>\n<p>Texto: Extra de Rond\u00f4nia<\/p>\n<p>Foto: Ilustra\u00e7\u00e3o<\/p>\n","protected":false},"excerpt":{"rendered":"<p>A comiss\u00e3o intersetorial do selo UNICEF em Vilhena anunciou no in\u00edcio da tarde desta sexta-feira, 17, que realizar\u00e1 durante todo este s\u00e1bado, 18, o Dia \u201cD\u201d. O evento tem como objetivo unir crian\u00e7as de todas as faixas-et\u00e1rias moradoras do munic\u00edpio para um momento de lazer com atividades esportivas e de cidadania. De acordo com a [&hellip;]<\/p>\n","protected":false},"author":3,"featured_media":133681,"comment_status":"open","ping_status":"closed","sticky":false,"template":"","format":"standard","meta":{"footnotes":""},"categories":[12],"tags":[],"class_list":["post-133680","post","type-post","status-publish","format-standard","has-post-thumbnail","hentry","category-sem-categoria"],"_links":{"self":[{"href":"https:\/\/www.extraderondonia.com.br\/sistema\/wp-json\/wp\/v2\/posts\/133680","targetHints":{"allow":["GET"]}}],"collection":[{"href":"https:\/\/www.extraderondonia.com.br\/sistema\/wp-json\/wp\/v2\/posts"}],"about":[{"href":"https:\/\/www.extraderondonia.com.br\/sistema\/wp-json\/wp\/v2\/types\/post"}],"author":[{"embeddable":true,"href":"https:\/\/www.extraderondonia.com.br\/sistema\/wp-json\/wp\/v2\/users\/3"}],"replies":[{"embeddable":true,"href":"https:\/\/www.extraderondonia.com.br\/sistema\/wp-json\/wp\/v2\/comments?post=133680"}],"version-history":[{"count":0,"href":"https:\/\/www.extraderondonia.com.br\/sistema\/wp-json\/wp\/v2\/posts\/133680\/revisions"}],"wp:featuredmedia":[{"embeddable":true,"href":"https:\/\/www.extraderondonia.com.br\/sistema\/wp-json\/wp\/v2\/media\/133681"}],"wp:attachment":[{"href":"https:\/\/www.extraderondonia.com.br\/sistema\/wp-json\/wp\/v2\/media?parent=133680"}],"wp:term":[{"taxonomy":"category","embeddable":true,"href":"https:\/\/www.extraderondonia.com.br\/sistema\/wp-json\/wp\/v2\/categories?post=133680"},{"taxonomy":"post_tag","embeddable":true,"href":"https:\/\/www.extraderondonia.com.br\/sistema\/wp-json\/wp\/v2\/tags?post=133680"}],"curies":[{"name":"wp","href":"https:\/\/api.w.org\/{rel}","templated":true}]}}