{"id":133687,"date":"2016-06-17T17:27:06","date_gmt":"2016-06-17T21:27:06","guid":{"rendered":"http:\/\/www.extraderondonia.com.br\/?p=133687"},"modified":"2016-06-20T22:54:06","modified_gmt":"2016-06-21T02:54:06","slug":"servidora-publica-anuncia-pre-candidatura-a-vereadora","status":"publish","type":"post","link":"https:\/\/www.extraderondonia.com.br\/sistema\/2016\/06\/17\/servidora-publica-anuncia-pre-candidatura-a-vereadora\/","title":{"rendered":"Servidora p\u00fablica anuncia pr\u00e9-candidatura a vereadora"},"content":{"rendered":"<p>&nbsp;<\/p>\n<figure id=\"attachment_133699\" aria-describedby=\"caption-attachment-133699\" style=\"width: 300px\" class=\"wp-caption alignright\"><img loading=\"lazy\" decoding=\"async\" class=\"size-medium wp-image-133699\" src=\"http:\/\/www.extraderondonia.com.br\/sistema\/wp-content\/uploads\/2016\/06\/candidata-300x249.jpg\" alt=\"Maria das Dores Lemos na reda\u00e7\u00e3o do Extra de Rond\u00f4nia\" width=\"300\" height=\"249\" srcset=\"https:\/\/www.extraderondonia.com.br\/sistema\/wp-content\/uploads\/2016\/06\/candidata-300x249.jpg 300w, https:\/\/www.extraderondonia.com.br\/sistema\/wp-content\/uploads\/2016\/06\/candidata-507x420.jpg 507w, https:\/\/www.extraderondonia.com.br\/sistema\/wp-content\/uploads\/2016\/06\/candidata.jpg 579w\" sizes=\"auto, (max-width: 300px) 100vw, 300px\" \/><figcaption id=\"caption-attachment-133699\" class=\"wp-caption-text\">Maria das Dores Lemos na reda\u00e7\u00e3o do <em><strong>Extra de Rond\u00f4nia<\/strong><\/em><\/figcaption><\/figure>\n<p>A servidora p\u00fablica municipal de Vilhena, Maria das Dores Lemos de Andrade esteve na reda\u00e7\u00e3o do\u00a0<strong><em>Extra de Rond\u00f4nia <\/em><\/strong>para confirmar sua inten\u00e7\u00e3o em disputar uma vaga na c\u00e2mara de vereadores pelo PCdoB.<\/p>\n<p>Segundo ela, o interesse surgiu atrav\u00e9s da falta de esperan\u00e7a da popula\u00e7\u00e3o na pol\u00edtica.<\/p>\n<p>A paraibana que mora em Vilhena h\u00e1 17 anos defende a ideia de que \u00e9 atrav\u00e9s de uma pol\u00edtica s\u00e9ria que a sociedade consegue obter melhorias. \u201cEntendo que o vereador n\u00e3o tem s\u00f3 que legislar, mas precisa desenvolver a\u00e7\u00f5es para ajudar as pessoas\u201d, comenta.<\/p>\n<p>Para Maria das Dores, uma das principais a\u00e7\u00f5es que o vereador precisa desenvolver no munic\u00edpio \u00e9 um projeto eficiente de combate \u00e0s drogas. \u201cO vereador pode fazer coisas muito produtivas para o munic\u00edpio como lutar pela valoriza\u00e7\u00e3o dos servidores p\u00fablicos e desenvolver a\u00e7\u00f5es continuadas com foco na evolu\u00e7\u00e3o social\u201d, opina.<\/p>\n<p>&nbsp;<\/p>\n<p>Texto: Extra de Rond\u00f4nia<\/p>\n<p>Foto: Extra de Rond\u00f4nia<\/p>\n<p>&nbsp;<\/p>\n<p>&nbsp;<\/p>\n<p>&nbsp;<\/p>\n","protected":false},"excerpt":{"rendered":"<p>&nbsp; A servidora p\u00fablica municipal de Vilhena, Maria das Dores Lemos de Andrade esteve na reda\u00e7\u00e3o do\u00a0Extra de Rond\u00f4nia para confirmar sua inten\u00e7\u00e3o em disputar uma vaga na c\u00e2mara de vereadores pelo PCdoB. Segundo ela, o interesse surgiu atrav\u00e9s da falta de esperan\u00e7a da popula\u00e7\u00e3o na pol\u00edtica. A paraibana que mora em Vilhena h\u00e1 17 [&hellip;]<\/p>\n","protected":false},"author":3,"featured_media":133699,"comment_status":"open","ping_status":"closed","sticky":false,"template":"","format":"standard","meta":{"footnotes":""},"categories":[2],"tags":[],"class_list":["post-133687","post","type-post","status-publish","format-standard","has-post-thumbnail","hentry","category-politica"],"_links":{"self":[{"href":"https:\/\/www.extraderondonia.com.br\/sistema\/wp-json\/wp\/v2\/posts\/133687","targetHints":{"allow":["GET"]}}],"collection":[{"href":"https:\/\/www.extraderondonia.com.br\/sistema\/wp-json\/wp\/v2\/posts"}],"about":[{"href":"https:\/\/www.extraderondonia.com.br\/sistema\/wp-json\/wp\/v2\/types\/post"}],"author":[{"embeddable":true,"href":"https:\/\/www.extraderondonia.com.br\/sistema\/wp-json\/wp\/v2\/users\/3"}],"replies":[{"embeddable":true,"href":"https:\/\/www.extraderondonia.com.br\/sistema\/wp-json\/wp\/v2\/comments?post=133687"}],"version-history":[{"count":0,"href":"https:\/\/www.extraderondonia.com.br\/sistema\/wp-json\/wp\/v2\/posts\/133687\/revisions"}],"wp:featuredmedia":[{"embeddable":true,"href":"https:\/\/www.extraderondonia.com.br\/sistema\/wp-json\/wp\/v2\/media\/133699"}],"wp:attachment":[{"href":"https:\/\/www.extraderondonia.com.br\/sistema\/wp-json\/wp\/v2\/media?parent=133687"}],"wp:term":[{"taxonomy":"category","embeddable":true,"href":"https:\/\/www.extraderondonia.com.br\/sistema\/wp-json\/wp\/v2\/categories?post=133687"},{"taxonomy":"post_tag","embeddable":true,"href":"https:\/\/www.extraderondonia.com.br\/sistema\/wp-json\/wp\/v2\/tags?post=133687"}],"curies":[{"name":"wp","href":"https:\/\/api.w.org\/{rel}","templated":true}]}}