{"id":134065,"date":"2016-06-21T15:50:09","date_gmt":"2016-06-21T19:50:09","guid":{"rendered":"http:\/\/www.extraderondonia.com.br\/?p=134065"},"modified":"2016-06-22T16:36:05","modified_gmt":"2016-06-22T20:36:05","slug":"pc-divulga-retrato-falado-de-homem-que-roubou-amarrou-e-jogou-picolezeiro-em-buraco","status":"publish","type":"post","link":"https:\/\/www.extraderondonia.com.br\/sistema\/2016\/06\/21\/pc-divulga-retrato-falado-de-homem-que-roubou-amarrou-e-jogou-picolezeiro-em-buraco\/","title":{"rendered":"PC divulga retrato falado\u00a0de homem que roubou, amarrou e jogou picolezeiro em buraco"},"content":{"rendered":"<p><img loading=\"lazy\" decoding=\"async\" class=\"alignright size-medium wp-image-134080\" src=\"http:\/\/www.extraderondonia.com.br\/sistema\/wp-content\/uploads\/2016\/06\/suspeito-285x300.jpg\" alt=\"suspeito\" width=\"285\" height=\"300\" srcset=\"https:\/\/www.extraderondonia.com.br\/sistema\/wp-content\/uploads\/2016\/06\/suspeito-285x300.jpg 285w, https:\/\/www.extraderondonia.com.br\/sistema\/wp-content\/uploads\/2016\/06\/suspeito-399x420.jpg 399w, https:\/\/www.extraderondonia.com.br\/sistema\/wp-content\/uploads\/2016\/06\/suspeito-600x631.jpg 600w, https:\/\/www.extraderondonia.com.br\/sistema\/wp-content\/uploads\/2016\/06\/suspeito.jpg 640w\" sizes=\"auto, (max-width: 285px) 100vw, 285px\" \/>A Pol\u00edcia Civil de Vilhena (PC) divulgou ao <strong><em>Extra de Rond\u00f4nia<\/em><\/strong> a imagem do suspeito de ter roubado, agredido, amarrado e jogado o\u00a0picolezeiro\u00a0menor de idade num buraco.<\/p>\n<p>O garoto de 11 anos <a href=\"http:\/\/www.extraderondonia.com.br\/2016\/05\/22\/crueldade-garoto-de-11-anos-e-roubado-amarrado-em-carrinho-de-picole-e-jogado-em-buraco\/\" target=\"_blank\">foi roubado no dia 21 de maio<\/a> por volta das 16h00 na Rua 622, Bairro Parque S\u00e3o Paulo em Vilhena.<\/p>\n<p>A pol\u00edcia o menor contou que estava vendendo picol\u00e9 quando foi rendido por um homem moreno, alto, forte com camisa xadrez e cal\u00e7a jeans, com uma bicicleta cor preta.<\/p>\n<p>O homem com uma faca anunciou o roubo, chupou picol\u00e9s, cortou as roupas do garoto e ainda o amea\u00e7ou de morte passando a faca em seus bra\u00e7os. Em seguida usou os recortes da roupa e amarrou o menor no carrinho e o jogou dentro de um buraco, levando a quantia de R$ 30 das vendas realizadas pelo menor.<\/p>\n<p>A Pol\u00edcia Civil atrav\u00e9s da foto falada do suspeito busca informa\u00e7\u00f5es de seu paradeiro. Informa\u00e7\u00f5es podem ser repassadas de forma an\u00f4nima pelo n\u00famero 197, ou 3322-3001,<\/p>\n<p>Texto: Extra de Rond\u00f4nia<\/p>\n<p>Foto: Divulga\u00e7\u00e3o PC<\/p>\n","protected":false},"excerpt":{"rendered":"<p>A Pol\u00edcia Civil de Vilhena (PC) divulgou ao Extra de Rond\u00f4nia a imagem do suspeito de ter roubado, agredido, amarrado e jogado o\u00a0picolezeiro\u00a0menor de idade num buraco. O garoto de 11 anos foi roubado no dia 21 de maio por volta das 16h00 na Rua 622, Bairro Parque S\u00e3o Paulo em Vilhena. A pol\u00edcia o [&hellip;]<\/p>\n","protected":false},"author":2,"featured_media":134080,"comment_status":"open","ping_status":"closed","sticky":false,"template":"","format":"standard","meta":{"footnotes":""},"categories":[3],"tags":[],"class_list":["post-134065","post","type-post","status-publish","format-standard","has-post-thumbnail","hentry","category-policial"],"_links":{"self":[{"href":"https:\/\/www.extraderondonia.com.br\/sistema\/wp-json\/wp\/v2\/posts\/134065","targetHints":{"allow":["GET"]}}],"collection":[{"href":"https:\/\/www.extraderondonia.com.br\/sistema\/wp-json\/wp\/v2\/posts"}],"about":[{"href":"https:\/\/www.extraderondonia.com.br\/sistema\/wp-json\/wp\/v2\/types\/post"}],"author":[{"embeddable":true,"href":"https:\/\/www.extraderondonia.com.br\/sistema\/wp-json\/wp\/v2\/users\/2"}],"replies":[{"embeddable":true,"href":"https:\/\/www.extraderondonia.com.br\/sistema\/wp-json\/wp\/v2\/comments?post=134065"}],"version-history":[{"count":0,"href":"https:\/\/www.extraderondonia.com.br\/sistema\/wp-json\/wp\/v2\/posts\/134065\/revisions"}],"wp:featuredmedia":[{"embeddable":true,"href":"https:\/\/www.extraderondonia.com.br\/sistema\/wp-json\/wp\/v2\/media\/134080"}],"wp:attachment":[{"href":"https:\/\/www.extraderondonia.com.br\/sistema\/wp-json\/wp\/v2\/media?parent=134065"}],"wp:term":[{"taxonomy":"category","embeddable":true,"href":"https:\/\/www.extraderondonia.com.br\/sistema\/wp-json\/wp\/v2\/categories?post=134065"},{"taxonomy":"post_tag","embeddable":true,"href":"https:\/\/www.extraderondonia.com.br\/sistema\/wp-json\/wp\/v2\/tags?post=134065"}],"curies":[{"name":"wp","href":"https:\/\/api.w.org\/{rel}","templated":true}]}}