{"id":134562,"date":"2016-06-25T08:57:50","date_gmt":"2016-06-25T12:57:50","guid":{"rendered":"http:\/\/www.extraderondonia.com.br\/?p=134562"},"modified":"2016-06-25T08:59:40","modified_gmt":"2016-06-25T12:59:40","slug":"advogado-e-espancado-por-militares-ao-tentar-defender-cliente","status":"publish","type":"post","link":"https:\/\/www.extraderondonia.com.br\/sistema\/2016\/06\/25\/advogado-e-espancado-por-militares-ao-tentar-defender-cliente\/","title":{"rendered":"Advogado \u00e9 espancado por militares ao tentar defender cliente"},"content":{"rendered":"<p>&nbsp;<\/p>\n<p><img loading=\"lazy\" decoding=\"async\" class=\"alignright size-medium wp-image-134563\" src=\"http:\/\/www.extraderondonia.com.br\/sistema\/wp-content\/uploads\/2016\/06\/ESPanc-300x220.jpg\" alt=\"ESPanc\" width=\"300\" height=\"220\" srcset=\"https:\/\/www.extraderondonia.com.br\/sistema\/wp-content\/uploads\/2016\/06\/ESPanc-300x220.jpg 300w, https:\/\/www.extraderondonia.com.br\/sistema\/wp-content\/uploads\/2016\/06\/ESPanc-80x60.jpg 80w, https:\/\/www.extraderondonia.com.br\/sistema\/wp-content\/uploads\/2016\/06\/ESPanc.jpg 369w\" sizes=\"auto, (max-width: 300px) 100vw, 300px\" \/>O Conselho Federal da OAB se pronunciou na tarde desta sexta-feira, 24, atrav\u00e9s do presidente Cl\u00e1udio Lamachia, repudiando as agress\u00f5es sofridas pelo advogado Isac Neres Ferreira dos Santos durante a madrugada.<\/p>\n<p>Ele foi agredido por policiais militares do tr\u00e2nsito em Porto Velho e socorrido com v\u00e1rias les\u00f5es ao Pronto Socorro Jo\u00e3o Paulo II. A Seccional rondoniense da OAB acredita em tortura. Os policiais envolvidos ainda prenderam o irm\u00e3o do advogado, um cabo da PM.<\/p>\n<p>Em representa\u00e7\u00e3o encaminhada a Secretaria de Defesa, a Comiss\u00e3o de Prerrogativa da OAB rondoniense detalha que Isac Neres foi chamado durante a madrugada para atender um cliente.<\/p>\n<p>Ele estava com a esposa e um irm\u00e3o e ia de carona no ve\u00edculo, que parou a alguns metros de uma blitz na Avenida Daniela com Amazonas. Ao descer do carro foi abordado por Pms e se identificou, avisando que ia conversar com o cliente.<span style=\"line-height: 1.5;\">A sess\u00e3o de agress\u00f5es verbais, psicol\u00f3gicas e f\u00edsicas foi iniciada: o advogado foi questionado sobre a CNH e os soldados exigiam que ele realizasse o teste do baf\u00f4metro. Como se negou a confus\u00e3o teve in\u00edcio.<\/span><\/p>\n<p>Em depoimento ao\u00a0<strong style=\"font-style: inherit; font-weight: inherit;\">RONDONIAGORA<\/strong>, a esposa do advogado disse que o marido foi questionar uma policial feminina e ela teria gritado para que Isac Neres n\u00e3o a tocasse. Um outro militar deu uma \u201cgravata\u201d no profissional e o jogou no asfalto. A policial feminina teria ent\u00e3o levado um cassetete para o colega. Outros policiais chegaram e o advogado foi algemado e agredido com viol\u00eancia, principalmente no rosto e nas costas. Como viram a gravidade da situa\u00e7\u00e3o, os pr\u00f3prios militares acionaram o socorro.<\/p>\n<p>No final da tarde desta sexta-feira, o Conselho Estadual, que se re\u00fane mensalmente, reuniu os mais de 30 conselheiros e seguiu ao Comando Geral da PM exigindo provid\u00eancias contra os policiais militares.<\/p>\n<p><strong style=\"font-style: inherit; font-weight: inherit;\">Vers\u00e3o da PM<\/strong><\/p>\n<p>No Boletim de Ocorr\u00eancia, os militares alegaram que pediram documenta\u00e7\u00e3o para a motorista do ve\u00edculo e foram agredidos verbalmente pelo advogado que empurrou uma policial feminina, \u201cpartindo para luta corporal com essa guarni\u00e7\u00e3o\u201d. Sobre as agress\u00f5es, os militares narram que usaram for\u00e7a moderada e t\u00e9cnicas de imobiliza\u00e7\u00e3o para contornar a situa\u00e7\u00e3o.<\/p>\n<p><strong style=\"font-style: inherit; font-weight: inherit;\">OAB<\/strong><\/p>\n<p>As imagens e v\u00eddeos anexados na representa\u00e7\u00e3o n\u00e3o deixa qualquer d\u00favida dos atos b\u00e1rbaros praticados contra um profissional da advocacia, sintetizou o presidente da OAB de Rond\u00f4nia, Andrey Cavalcante, que emitiu nota sobre o caso. O presidente nacional, Cl\u00e1udio Lamachia explicou as provid\u00eancias. \u201cJ\u00e1 acionei a Comiss\u00e3o Nacional de Defesa das Prerrogativas para acompanhar e dar todo o suporte a seccional sobre esse lament\u00e1vel caso. A OAB n\u00e3o aceita e n\u00e3o aceitar\u00e1 situa\u00e7\u00f5es como essa. Falamos pela manh\u00e3 com o secret\u00e1rio de Seguran\u00e7a, cobrando a c\u00fapula sobre apura\u00e7\u00e3o imediata\u201d, disse Lamachia.<\/p>\n<p><strong style=\"font-style: inherit; font-weight: inherit;\">VEJA NOTA DA OAB<\/strong><\/p>\n<p><strong style=\"font-style: inherit; font-weight: inherit;\">A Seccional de Rond\u00f4nia da Ordem dos Advogados do Brasil vem a p\u00fablico repudiar com veem\u00eancia os atos de viol\u00eancia f\u00edsica, psicol\u00f3gica e moral praticados, nas primeira horas da manh\u00e3 de hoje, por policiais militares do Estado de Rond\u00f4nia contra um advogado e, antes de tudo, um cidad\u00e3o, infligindo-lhe graves les\u00f5es, tudo a indicar a abomin\u00e1vel pr\u00e1tica de tortura.<\/strong><\/p>\n<p><strong style=\"font-style: inherit; font-weight: inherit;\">Numa sociedade minimamente civilizada, tanto mais num estado que se quer democr\u00e1tico e de direito, o uso da for\u00e7a por agentes estatais deve sempre guardar modera\u00e7\u00e3o, somente se justificando se necess\u00e1rio e na exata medida para a conten\u00e7\u00e3o.<\/strong><\/p>\n<p><strong style=\"font-style: inherit; font-weight: inherit;\">Os relatos e imagens do ocorrido evidenciam conduta das autoridades policiais mais que criminosa, um inaceit\u00e1vel atentado a garantias fundamentais que n\u00e3o se admitir\u00e1 passe em branco.<\/strong><\/p>\n<p><strong style=\"font-style: inherit; font-weight: inherit;\">A OAB\/RO, por sua Diretoria e Comiss\u00f5es de Defesa das Prerrogativas e de Direitos Humanos est\u00e1 prestando a devida assist\u00eancia e acompanhamento do caso desde o in\u00edcio da manh\u00e3, j\u00e1 tendo adotado medidas imediatas para a exata e pronta apura\u00e7\u00e3o, a fim de que os ofensores sejam exemplarmente punidos.<\/strong><\/p>\n<p><strong style=\"font-style: inherit; font-weight: inherit;\">\u00c9 imperioso que o Estado de Rond\u00f4nia, por suas autoridades constitu\u00eddas, trate o caso com a gravidade que inequivocamente apresenta, provendo resposta \u00e1gil e que traduza mensagem clara \u00e0 sociedade de que condutas com essa n\u00e3o ser\u00e3o toleradas. A OAB\/RO permanecer\u00e1 em estado de alerta.<\/strong><\/p>\n<p><strong>Fonte: Rondoniagora<\/strong><\/p>\n<p>&nbsp;<\/p>\n","protected":false},"excerpt":{"rendered":"<p>&nbsp; O Conselho Federal da OAB se pronunciou na tarde desta sexta-feira, 24, atrav\u00e9s do presidente Cl\u00e1udio Lamachia, repudiando as agress\u00f5es sofridas pelo advogado Isac Neres Ferreira dos Santos durante a madrugada. Ele foi agredido por policiais militares do tr\u00e2nsito em Porto Velho e socorrido com v\u00e1rias les\u00f5es ao Pronto Socorro Jo\u00e3o Paulo II. A [&hellip;]<\/p>\n","protected":false},"author":4,"featured_media":134563,"comment_status":"open","ping_status":"closed","sticky":false,"template":"","format":"standard","meta":{"footnotes":""},"categories":[3],"tags":[],"class_list":["post-134562","post","type-post","status-publish","format-standard","has-post-thumbnail","hentry","category-policial"],"_links":{"self":[{"href":"https:\/\/www.extraderondonia.com.br\/sistema\/wp-json\/wp\/v2\/posts\/134562","targetHints":{"allow":["GET"]}}],"collection":[{"href":"https:\/\/www.extraderondonia.com.br\/sistema\/wp-json\/wp\/v2\/posts"}],"about":[{"href":"https:\/\/www.extraderondonia.com.br\/sistema\/wp-json\/wp\/v2\/types\/post"}],"author":[{"embeddable":true,"href":"https:\/\/www.extraderondonia.com.br\/sistema\/wp-json\/wp\/v2\/users\/4"}],"replies":[{"embeddable":true,"href":"https:\/\/www.extraderondonia.com.br\/sistema\/wp-json\/wp\/v2\/comments?post=134562"}],"version-history":[{"count":0,"href":"https:\/\/www.extraderondonia.com.br\/sistema\/wp-json\/wp\/v2\/posts\/134562\/revisions"}],"wp:featuredmedia":[{"embeddable":true,"href":"https:\/\/www.extraderondonia.com.br\/sistema\/wp-json\/wp\/v2\/media\/134563"}],"wp:attachment":[{"href":"https:\/\/www.extraderondonia.com.br\/sistema\/wp-json\/wp\/v2\/media?parent=134562"}],"wp:term":[{"taxonomy":"category","embeddable":true,"href":"https:\/\/www.extraderondonia.com.br\/sistema\/wp-json\/wp\/v2\/categories?post=134562"},{"taxonomy":"post_tag","embeddable":true,"href":"https:\/\/www.extraderondonia.com.br\/sistema\/wp-json\/wp\/v2\/tags?post=134562"}],"curies":[{"name":"wp","href":"https:\/\/api.w.org\/{rel}","templated":true}]}}