{"id":134576,"date":"2016-06-25T11:59:36","date_gmt":"2016-06-25T15:59:36","guid":{"rendered":"http:\/\/www.extraderondonia.com.br\/?p=134576"},"modified":"2016-06-25T12:11:13","modified_gmt":"2016-06-25T16:11:13","slug":"junior-donadon-conhece-estrutura-da-unesc-e-diretores-tranquilizam-vilhenenses-sobre-curso-de-medicina","status":"publish","type":"post","link":"https:\/\/www.extraderondonia.com.br\/sistema\/2016\/06\/25\/junior-donadon-conhece-estrutura-da-unesc-e-diretores-tranquilizam-vilhenenses-sobre-curso-de-medicina\/","title":{"rendered":"Junior Donadon conhece estrutura da Unesc e diretores tranquilizam vilhenenses sobre curso de Medicina"},"content":{"rendered":"<figure id=\"attachment_134577\" aria-describedby=\"caption-attachment-134577\" style=\"width: 300px\" class=\"wp-caption aligncenter\"><a href=\"http:\/\/www.extraderondonia.com.br\/sistema\/wp-content\/uploads\/2016\/06\/UNESC-3.jpg\" rel=\"attachment wp-att-134577\"><img loading=\"lazy\" decoding=\"async\" class=\"size-medium wp-image-134577\" src=\"http:\/\/www.extraderondonia.com.br\/sistema\/wp-content\/uploads\/2016\/06\/UNESC-3-300x198.jpg\" alt=\"Diretores da Unesc receberam o presidente da C\u00e2mara de Vilhena\" width=\"300\" height=\"198\" srcset=\"https:\/\/www.extraderondonia.com.br\/sistema\/wp-content\/uploads\/2016\/06\/UNESC-3-300x198.jpg 300w, https:\/\/www.extraderondonia.com.br\/sistema\/wp-content\/uploads\/2016\/06\/UNESC-3-696x460.jpg 696w, https:\/\/www.extraderondonia.com.br\/sistema\/wp-content\/uploads\/2016\/06\/UNESC-3-741x486.jpg 741w, https:\/\/www.extraderondonia.com.br\/sistema\/wp-content\/uploads\/2016\/06\/UNESC-3-635x420.jpg 635w, https:\/\/www.extraderondonia.com.br\/sistema\/wp-content\/uploads\/2016\/06\/UNESC-3-768x508.jpg 768w, https:\/\/www.extraderondonia.com.br\/sistema\/wp-content\/uploads\/2016\/06\/UNESC-3-600x397.jpg 600w, https:\/\/www.extraderondonia.com.br\/sistema\/wp-content\/uploads\/2016\/06\/UNESC-3.jpg 1000w\" sizes=\"auto, (max-width: 300px) 100vw, 300px\" \/><\/a><figcaption id=\"caption-attachment-134577\" class=\"wp-caption-text\">Diretores da Unesc receberam o presidente da C\u00e2mara de Vilhena<\/figcaption><\/figure>\n<p>O presidente da C\u00e2mara de Vereadores, Junior Donadon (PSD), visitou na \u00faltima quarta-feira, 22, as instala\u00e7\u00f5es da faculdade Unesc, localizado no bairro Orleans, em Vilhena.<\/p>\n<p>No estabelecimento de ensino, o parlamentar foi recepcionado pelos diretores da institui\u00e7\u00e3o, Ismael Cury e Ant\u00f4nio Carlos do Nascimento e conheceu a estrutura da faculdade.<\/p>\n<p>O principal assunto da reuni\u00e3o, agendada por Cury e Nascimento, foi tranquilizar o Presidente do Legislativo e \u00e0 popula\u00e7\u00e3o de Vilhena a respeito da implanta\u00e7\u00e3o do curso de Medicina.<\/p>\n<p>Segundo Cury, a Unesc \u00e9 a \u00fanica comtemplada na regi\u00e3o da Amaz\u00f4nia Brasileira a oferecer o curso de Medicina em Vilhena. \u201cQueremos reafirmar que o curso vai sair. Houve um contratempo jur\u00eddico provocado por uma faculdade da Bahia, que afetou os 39 cursos de Medicina espalhados pelo Brasil oferecidos pelo MEC. Por\u00e9m, isso j\u00e1 foi resolvido. Esclare\u00e7o, contudo, que essa quest\u00e3o n\u00e3o afetou em nada o curso neste munic\u00edpio. Reafirmo: o curso vai sair em Vilhena. \u00c9 apenas quest\u00e3o de tempo\u201d, garantiu Cury.<\/p>\n<p>Ant\u00f4nio Nascimento explicou que h\u00e1 duas semanas esteve em Bras\u00edlia, numa reuni\u00e3o com o Ministro da Educa\u00e7\u00e3o, envolvendo representantes das 39 faculdades autorizadas. \u201cA audi\u00eancia com o ministro foi para ultimar o in\u00edcio dos cursos nestas faculdades. O curso de Medicina em Vilhena ser\u00e1 uma das melhores do Brasil. O sonho est\u00e1 prestes a acontecer\u201d, frisou.<\/p>\n<p>Nascimento afirmou que o curso de Medicina contar\u00e1 com apoio do hospital S\u00edrio Liban\u00eas, de S\u00e3o Paulo, em especial na capacita\u00e7\u00e3o docente. \u201cO curso tamb\u00e9m vai fortalecer as demandas na sa\u00fade p\u00fablica do munic\u00edpio de Vilhena\u201d, comentou.<\/p>\n<p>Por sua vez, Junior Donadon parabenizou os diretores da Unesc e se prontificou a ajudar no que for preciso para que o curso de Medicina em Vilhena seja realidade. \u201cSou favor\u00e1vel a tudo que beneficie e desenvolva o munic\u00edpio de Vilhena. Com o curso de Medicina, Vilhena se consolidar\u00e1 como polo regional estudantil e continuar\u00e1 sendo refer\u00eancia educativa na regi\u00e3o norte do pa\u00eds\u201d, salientou o parlamentar.<\/p>\n<p>Em fevereiro passado, Junior Donadon usou a tribuna da Casa de Leis para fazer uma explana\u00e7\u00e3o e revelar novidades da implanta\u00e7\u00e3o do curso de Medicina.<\/p>\n<p><a href=\"http:\/\/www.extraderondonia.com.br\/sistema\/wp-content\/uploads\/2016\/06\/UNESC-2.jpg\" rel=\"attachment wp-att-134578\"><img loading=\"lazy\" decoding=\"async\" class=\"aligncenter size-large wp-image-134578\" src=\"http:\/\/www.extraderondonia.com.br\/sistema\/wp-content\/uploads\/2016\/06\/UNESC-2-600x400.jpg\" alt=\"UNESC 2\" width=\"600\" height=\"400\" srcset=\"https:\/\/www.extraderondonia.com.br\/sistema\/wp-content\/uploads\/2016\/06\/UNESC-2-600x400.jpg 600w, https:\/\/www.extraderondonia.com.br\/sistema\/wp-content\/uploads\/2016\/06\/UNESC-2-300x200.jpg 300w, https:\/\/www.extraderondonia.com.br\/sistema\/wp-content\/uploads\/2016\/06\/UNESC-2-768x511.jpg 768w, https:\/\/www.extraderondonia.com.br\/sistema\/wp-content\/uploads\/2016\/06\/UNESC-2.jpg 1000w\" sizes=\"auto, (max-width: 600px) 100vw, 600px\" \/><\/a><\/p>\n<p><a href=\"http:\/\/www.extraderondonia.com.br\/sistema\/wp-content\/uploads\/2016\/06\/UNESC-1.jpg\" rel=\"attachment wp-att-134579\"><img loading=\"lazy\" decoding=\"async\" class=\"aligncenter size-large wp-image-134579\" src=\"http:\/\/www.extraderondonia.com.br\/sistema\/wp-content\/uploads\/2016\/06\/UNESC-1-600x457.jpg\" alt=\"UNESC 1\" width=\"600\" height=\"457\" srcset=\"https:\/\/www.extraderondonia.com.br\/sistema\/wp-content\/uploads\/2016\/06\/UNESC-1-600x457.jpg 600w, https:\/\/www.extraderondonia.com.br\/sistema\/wp-content\/uploads\/2016\/06\/UNESC-1-300x228.jpg 300w, https:\/\/www.extraderondonia.com.br\/sistema\/wp-content\/uploads\/2016\/06\/UNESC-1-768x584.jpg 768w, https:\/\/www.extraderondonia.com.br\/sistema\/wp-content\/uploads\/2016\/06\/UNESC-1.jpg 1000w\" sizes=\"auto, (max-width: 600px) 100vw, 600px\" \/><\/a><\/p>\n<p>Texto e fotos: Assessoria<\/p>\n<p>&nbsp;<\/p>\n","protected":false},"excerpt":{"rendered":"<p>O presidente da C\u00e2mara de Vereadores, Junior Donadon (PSD), visitou na \u00faltima quarta-feira, 22, as instala\u00e7\u00f5es da faculdade Unesc, localizado no bairro Orleans, em Vilhena. No estabelecimento de ensino, o parlamentar foi recepcionado pelos diretores da institui\u00e7\u00e3o, Ismael Cury e Ant\u00f4nio Carlos do Nascimento e conheceu a estrutura da faculdade. O principal assunto da reuni\u00e3o, [&hellip;]<\/p>\n","protected":false},"author":3,"featured_media":134577,"comment_status":"closed","ping_status":"closed","sticky":false,"template":"","format":"standard","meta":{"footnotes":""},"categories":[2],"tags":[],"class_list":["post-134576","post","type-post","status-publish","format-standard","has-post-thumbnail","hentry","category-politica"],"_links":{"self":[{"href":"https:\/\/www.extraderondonia.com.br\/sistema\/wp-json\/wp\/v2\/posts\/134576","targetHints":{"allow":["GET"]}}],"collection":[{"href":"https:\/\/www.extraderondonia.com.br\/sistema\/wp-json\/wp\/v2\/posts"}],"about":[{"href":"https:\/\/www.extraderondonia.com.br\/sistema\/wp-json\/wp\/v2\/types\/post"}],"author":[{"embeddable":true,"href":"https:\/\/www.extraderondonia.com.br\/sistema\/wp-json\/wp\/v2\/users\/3"}],"replies":[{"embeddable":true,"href":"https:\/\/www.extraderondonia.com.br\/sistema\/wp-json\/wp\/v2\/comments?post=134576"}],"version-history":[{"count":0,"href":"https:\/\/www.extraderondonia.com.br\/sistema\/wp-json\/wp\/v2\/posts\/134576\/revisions"}],"wp:featuredmedia":[{"embeddable":true,"href":"https:\/\/www.extraderondonia.com.br\/sistema\/wp-json\/wp\/v2\/media\/134577"}],"wp:attachment":[{"href":"https:\/\/www.extraderondonia.com.br\/sistema\/wp-json\/wp\/v2\/media?parent=134576"}],"wp:term":[{"taxonomy":"category","embeddable":true,"href":"https:\/\/www.extraderondonia.com.br\/sistema\/wp-json\/wp\/v2\/categories?post=134576"},{"taxonomy":"post_tag","embeddable":true,"href":"https:\/\/www.extraderondonia.com.br\/sistema\/wp-json\/wp\/v2\/tags?post=134576"}],"curies":[{"name":"wp","href":"https:\/\/api.w.org\/{rel}","templated":true}]}}