{"id":134582,"date":"2016-06-25T12:27:37","date_gmt":"2016-06-25T16:27:37","guid":{"rendered":"http:\/\/www.extraderondonia.com.br\/?p=134582"},"modified":"2016-06-26T17:33:37","modified_gmt":"2016-06-26T21:33:37","slug":"calote-prefeito-ameaca-fechar-hospital-por-falta-de-compromisso-de-confucio-em-repasse-para-uti","status":"publish","type":"post","link":"https:\/\/www.extraderondonia.com.br\/sistema\/2016\/06\/25\/calote-prefeito-ameaca-fechar-hospital-por-falta-de-compromisso-de-confucio-em-repasse-para-uti\/","title":{"rendered":"CALOTE: prefeito amea\u00e7a fechar Hospital por falta de compromisso de Conf\u00facio em repasse para UTI"},"content":{"rendered":"<figure id=\"attachment_134583\" aria-describedby=\"caption-attachment-134583\" style=\"width: 300px\" class=\"wp-caption alignleft\"><a href=\"http:\/\/www.extraderondonia.com.br\/sistema\/wp-content\/uploads\/2016\/06\/rover-e-confucio.jpg\" rel=\"attachment wp-att-134583\"><img loading=\"lazy\" decoding=\"async\" class=\"size-medium wp-image-134583\" src=\"http:\/\/www.extraderondonia.com.br\/sistema\/wp-content\/uploads\/2016\/06\/rover-e-confucio-300x225.jpg\" alt=\" Z\u00e9 Rover diz que governador  \u201cvem se esquivando de conversar\u201d \" width=\"300\" height=\"225\" srcset=\"https:\/\/www.extraderondonia.com.br\/sistema\/wp-content\/uploads\/2016\/06\/rover-e-confucio-300x225.jpg 300w, https:\/\/www.extraderondonia.com.br\/sistema\/wp-content\/uploads\/2016\/06\/rover-e-confucio-80x60.jpg 80w, https:\/\/www.extraderondonia.com.br\/sistema\/wp-content\/uploads\/2016\/06\/rover-e-confucio-265x198.jpg 265w, https:\/\/www.extraderondonia.com.br\/sistema\/wp-content\/uploads\/2016\/06\/rover-e-confucio-696x522.jpg 696w, https:\/\/www.extraderondonia.com.br\/sistema\/wp-content\/uploads\/2016\/06\/rover-e-confucio-560x420.jpg 560w, https:\/\/www.extraderondonia.com.br\/sistema\/wp-content\/uploads\/2016\/06\/rover-e-confucio-768x576.jpg 768w, https:\/\/www.extraderondonia.com.br\/sistema\/wp-content\/uploads\/2016\/06\/rover-e-confucio-600x450.jpg 600w, https:\/\/www.extraderondonia.com.br\/sistema\/wp-content\/uploads\/2016\/06\/rover-e-confucio-294x221.jpg 294w, https:\/\/www.extraderondonia.com.br\/sistema\/wp-content\/uploads\/2016\/06\/rover-e-confucio.jpg 1024w\" sizes=\"auto, (max-width: 300px) 100vw, 300px\" \/><\/a><figcaption id=\"caption-attachment-134583\" class=\"wp-caption-text\"><br \/>Z\u00e9 Rover diz que governador \u201cvem se esquivando de conversar\u201d<\/figcaption><\/figure>\n<p>Em visita ao <strong><em>Extra de Rond\u00f4nia<\/em><\/strong>, o prefeito de Vilhena, Z\u00e9 Rover (PP), \u00a0mais uma vez reclamou da falta de compromisso do governador Conf\u00facio Moura com o sistema de sa\u00fade local.<\/p>\n<p>Ao comentar a atual situa\u00e7\u00e3o do Hospital Regional e questionado sobre a inten\u00e7\u00e3o de repassar a unidade para gerenciamento do Estado, Rover disse que o Chefe do Executivo rondoniense n\u00e3o o est\u00e1 recebendo, e persiste em dar calote no repasse dos recursos de conv\u00eanio para manuten\u00e7\u00e3o da UTI.<\/p>\n<p>O prefeito tamb\u00e9m falou que dentro de uns tr\u00eas meses, quando a Unidade de Pronto-Atendimento (UPA) entrar em funcionamento, ele n\u00e3o descarta a possibilidade de retirar os servidores municipais do Regional para atender na unidade nova, \u201cfechar as portas do hospital e deixar para o governo tocar\u201d.<\/p>\n<p>Para sustentar a argumenta\u00e7\u00e3o, Rover lembrou que a responsabilidade do munic\u00edpio no setor de sa\u00fade \u00e9 medicina preventiva e de baixa complexidade, cabendo ao Estado assumir o sistema em n\u00edveis acima disso.<\/p>\n<p>Z\u00e9 Rover mostrou-se indignado e surpreso com a atitude do governador, que \u201cvem se esquivando de conversar\u201d com ele.<\/p>\n<p>O prefeito tamb\u00e9m garantiu que h\u00e1 cinco parcelas do conv\u00eanio de manuten\u00e7\u00e3o da UTI em atraso este ano. \u201cOu seja, nos primeiros seis meses deste ano s\u00f3 recebi o valor correspondente a um, e que ainda foi repassado na ocasi\u00e3o da vinda da Comiss\u00e3o de Sa\u00fade da Assembleia Legislativa at\u00e9 aqui. Parece at\u00e9 que o repasse foi feito apenas para fazer cena\u201d, comentou.<\/p>\n<p>Ele tamb\u00e9m disse n\u00e3o compreender a conduta de Conf\u00facio, que \u00e9 m\u00e9dico, no que diz respeito ao apoio aos munic\u00edpios justamente numa \u00e1rea na qual \u00e9 profissional formado. \u201c\u00c9 surpreendente a forma de a\u00e7\u00e3o. Para voc\u00ea ter uma ideia, o apoio que o governo oferece para Ji-Paran\u00e1, que tem 140 mil habitantes, \u00e9 o custeio de 24 cirurgias de m\u00e9dia complexidade ao m\u00eas, ou seja, menos de uma por dia\u201d, exemplificou.<\/p>\n<p>O prefeito disse que n\u00e3o ir\u00e1 mais procurar o governo para tratar do assunto. \u201cFarei o que puder para ir mantendo o sistema, que tem d\u00e9ficit mensal de mais de 700 mil, relacionando o que custa manter o Regional e o que tenho dispon\u00edvel para tanto, e na hora que n\u00e3o puder mais eu simplesmente passarei a manter os postos de sa\u00fade e as novas unidades e deixarei o hospital sob a responsabilidade do Estado\u201d, encerrou.<\/p>\n<p>&nbsp;<\/p>\n<p>Fonte: Extra de Rond\u00f4nia<\/p>\n<p>Foto: Extra de Rond\u00f4nia<\/p>\n<p>&nbsp;<\/p>\n","protected":false},"excerpt":{"rendered":"<p>Em visita ao Extra de Rond\u00f4nia, o prefeito de Vilhena, Z\u00e9 Rover (PP), \u00a0mais uma vez reclamou da falta de compromisso do governador Conf\u00facio Moura com o sistema de sa\u00fade local. Ao comentar a atual situa\u00e7\u00e3o do Hospital Regional e questionado sobre a inten\u00e7\u00e3o de repassar a unidade para gerenciamento do Estado, Rover disse que [&hellip;]<\/p>\n","protected":false},"author":3,"featured_media":134583,"comment_status":"open","ping_status":"closed","sticky":false,"template":"","format":"standard","meta":{"footnotes":""},"categories":[2],"tags":[],"class_list":["post-134582","post","type-post","status-publish","format-standard","has-post-thumbnail","hentry","category-politica"],"_links":{"self":[{"href":"https:\/\/www.extraderondonia.com.br\/sistema\/wp-json\/wp\/v2\/posts\/134582","targetHints":{"allow":["GET"]}}],"collection":[{"href":"https:\/\/www.extraderondonia.com.br\/sistema\/wp-json\/wp\/v2\/posts"}],"about":[{"href":"https:\/\/www.extraderondonia.com.br\/sistema\/wp-json\/wp\/v2\/types\/post"}],"author":[{"embeddable":true,"href":"https:\/\/www.extraderondonia.com.br\/sistema\/wp-json\/wp\/v2\/users\/3"}],"replies":[{"embeddable":true,"href":"https:\/\/www.extraderondonia.com.br\/sistema\/wp-json\/wp\/v2\/comments?post=134582"}],"version-history":[{"count":0,"href":"https:\/\/www.extraderondonia.com.br\/sistema\/wp-json\/wp\/v2\/posts\/134582\/revisions"}],"wp:featuredmedia":[{"embeddable":true,"href":"https:\/\/www.extraderondonia.com.br\/sistema\/wp-json\/wp\/v2\/media\/134583"}],"wp:attachment":[{"href":"https:\/\/www.extraderondonia.com.br\/sistema\/wp-json\/wp\/v2\/media?parent=134582"}],"wp:term":[{"taxonomy":"category","embeddable":true,"href":"https:\/\/www.extraderondonia.com.br\/sistema\/wp-json\/wp\/v2\/categories?post=134582"},{"taxonomy":"post_tag","embeddable":true,"href":"https:\/\/www.extraderondonia.com.br\/sistema\/wp-json\/wp\/v2\/tags?post=134582"}],"curies":[{"name":"wp","href":"https:\/\/api.w.org\/{rel}","templated":true}]}}