{"id":135944,"date":"2016-07-07T22:22:38","date_gmt":"2016-07-08T02:22:38","guid":{"rendered":"http:\/\/www.extraderondonia.com.br\/?p=135944"},"modified":"2016-07-07T22:27:26","modified_gmt":"2016-07-08T02:27:26","slug":"presidente-da-aviagro-visita-stand-do-extra-de-rondonia","status":"publish","type":"post","link":"https:\/\/www.extraderondonia.com.br\/sistema\/2016\/07\/07\/presidente-da-aviagro-visita-stand-do-extra-de-rondonia\/","title":{"rendered":"Presidente da Aviagro visita Stand do Extra de Rondonia"},"content":{"rendered":"<p>&nbsp;<\/p>\n<p><img loading=\"lazy\" decoding=\"async\" class=\"alignright size-medium wp-image-135945\" src=\"http:\/\/www.extraderondonia.com.br\/sistema\/wp-content\/uploads\/2016\/07\/DSC0141-300x219.jpg\" alt=\"_DSC0141\" width=\"300\" height=\"219\" srcset=\"https:\/\/www.extraderondonia.com.br\/sistema\/wp-content\/uploads\/2016\/07\/DSC0141-300x219.jpg 300w, https:\/\/www.extraderondonia.com.br\/sistema\/wp-content\/uploads\/2016\/07\/DSC0141-324x235.jpg 324w, https:\/\/www.extraderondonia.com.br\/sistema\/wp-content\/uploads\/2016\/07\/DSC0141-574x420.jpg 574w, https:\/\/www.extraderondonia.com.br\/sistema\/wp-content\/uploads\/2016\/07\/DSC0141-600x439.jpg 600w, https:\/\/www.extraderondonia.com.br\/sistema\/wp-content\/uploads\/2016\/07\/DSC0141.jpg 640w\" sizes=\"auto, (max-width: 300px) 100vw, 300px\" \/>O presidente da Associa\u00e7\u00e3o Vilhenense dos Agropecuaristas (Aviagro) Cesar Amaral, visitou na noite desta quinta-feira, 7, o Stand da reda\u00e7\u00e3o do <strong><em>Extra de Rond\u00f4nia<\/em><\/strong>, na Expovil.<\/p>\n<p>Segundo Amaral, o cronograma elaborado est\u00e1 dentro do previsto pela associa\u00e7\u00e3o. O p\u00fablico comparecendo em massa e prestigiando a festa. Diversos neg\u00f3cios sendo fechado por empres\u00e1rios, inclusive de outros o Estados.<\/p>\n<p>Shows nacionais, sorteio de pr\u00eamios, leil\u00f5es, entre outras atra\u00e7\u00f5es marcam a 31\u00aa Expovil.<\/p>\n<p>Texto: Extra de Rond\u00f4nia<\/p>\n<p>Foto: Extra de Rond\u00f4nia<\/p>\n<p>Apoio: Yune Net<\/p>\n<p>&nbsp;<\/p>\n","protected":false},"excerpt":{"rendered":"<p>&nbsp; O presidente da Associa\u00e7\u00e3o Vilhenense dos Agropecuaristas (Aviagro) Cesar Amaral, visitou na noite desta quinta-feira, 7, o Stand da reda\u00e7\u00e3o do Extra de Rond\u00f4nia, na Expovil. Segundo Amaral, o cronograma elaborado est\u00e1 dentro do previsto pela associa\u00e7\u00e3o. O p\u00fablico comparecendo em massa e prestigiando a festa. Diversos neg\u00f3cios sendo fechado por empres\u00e1rios, inclusive de [&hellip;]<\/p>\n","protected":false},"author":4,"featured_media":135945,"comment_status":"open","ping_status":"closed","sticky":false,"template":"","format":"standard","meta":{"footnotes":""},"categories":[1],"tags":[],"class_list":["post-135944","post","type-post","status-publish","format-standard","has-post-thumbnail","hentry","category-geral"],"_links":{"self":[{"href":"https:\/\/www.extraderondonia.com.br\/sistema\/wp-json\/wp\/v2\/posts\/135944","targetHints":{"allow":["GET"]}}],"collection":[{"href":"https:\/\/www.extraderondonia.com.br\/sistema\/wp-json\/wp\/v2\/posts"}],"about":[{"href":"https:\/\/www.extraderondonia.com.br\/sistema\/wp-json\/wp\/v2\/types\/post"}],"author":[{"embeddable":true,"href":"https:\/\/www.extraderondonia.com.br\/sistema\/wp-json\/wp\/v2\/users\/4"}],"replies":[{"embeddable":true,"href":"https:\/\/www.extraderondonia.com.br\/sistema\/wp-json\/wp\/v2\/comments?post=135944"}],"version-history":[{"count":0,"href":"https:\/\/www.extraderondonia.com.br\/sistema\/wp-json\/wp\/v2\/posts\/135944\/revisions"}],"wp:featuredmedia":[{"embeddable":true,"href":"https:\/\/www.extraderondonia.com.br\/sistema\/wp-json\/wp\/v2\/media\/135945"}],"wp:attachment":[{"href":"https:\/\/www.extraderondonia.com.br\/sistema\/wp-json\/wp\/v2\/media?parent=135944"}],"wp:term":[{"taxonomy":"category","embeddable":true,"href":"https:\/\/www.extraderondonia.com.br\/sistema\/wp-json\/wp\/v2\/categories?post=135944"},{"taxonomy":"post_tag","embeddable":true,"href":"https:\/\/www.extraderondonia.com.br\/sistema\/wp-json\/wp\/v2\/tags?post=135944"}],"curies":[{"name":"wp","href":"https:\/\/api.w.org\/{rel}","templated":true}]}}