{"id":139067,"date":"2016-08-07T15:12:58","date_gmt":"2016-08-07T19:12:58","guid":{"rendered":"http:\/\/www.extraderondonia.com.br\/?p=139067"},"modified":"2016-08-08T12:24:17","modified_gmt":"2016-08-08T16:24:17","slug":"ex-aliados-de-rover-emplacam-vices-com-rosani-e-japones-leia-no-cego-surdo-e-mudo","status":"publish","type":"post","link":"https:\/\/www.extraderondonia.com.br\/sistema\/2016\/08\/07\/ex-aliados-de-rover-emplacam-vices-com-rosani-e-japones-leia-no-cego-surdo-e-mudo\/","title":{"rendered":"(Ex) aliados de Rover emplacam vices com Rosani e Japon\u00eas \u2013 Leia no \u201cCego, Surdo e Mudo\u201d"},"content":{"rendered":"<figure id=\"attachment_139068\" aria-describedby=\"caption-attachment-139068\" style=\"width: 300px\" class=\"wp-caption alignleft\"><a href=\"http:\/\/www.extraderondonia.com.br\/sistema\/wp-content\/uploads\/2016\/08\/japa-6.jpg\" rel=\"attachment wp-att-139068\"><img loading=\"lazy\" decoding=\"async\" class=\"size-medium wp-image-139068\" src=\"http:\/\/www.extraderondonia.com.br\/sistema\/wp-content\/uploads\/2016\/08\/japa-6-300x238.jpg\" alt=\"PSC, de Jacier, indicou vice do &quot;Japon\u00eas&quot;; DEM, de Dari, indicou vice de Rosani\" width=\"300\" height=\"238\" srcset=\"https:\/\/www.extraderondonia.com.br\/sistema\/wp-content\/uploads\/2016\/08\/japa-6-300x238.jpg 300w, https:\/\/www.extraderondonia.com.br\/sistema\/wp-content\/uploads\/2016\/08\/japa-6-529x420.jpg 529w, https:\/\/www.extraderondonia.com.br\/sistema\/wp-content\/uploads\/2016\/08\/japa-6-600x476.jpg 600w, https:\/\/www.extraderondonia.com.br\/sistema\/wp-content\/uploads\/2016\/08\/japa-6.jpg 605w\" sizes=\"auto, (max-width: 300px) 100vw, 300px\" \/><\/a><figcaption id=\"caption-attachment-139068\" class=\"wp-caption-text\">PSC, de Jacier, indicou vice do &#8220;Japon\u00eas&#8221;; DEM, de Dari, indicou vice de Rosani<\/figcaption><\/figure>\n<p><strong>@@@<\/strong> Assim diz o conhecido ditado: \u201cQuando o navio afunda, os ratos s\u00e3o os primeiros a sair\u201d. Com todo respeito, mas isto parece (apenas parece) que reflete diretamente na pol\u00edtica em Vilhena. Os (ex) aliados do atual prefeito Z\u00e9 Rover (PP) se articularam e conseguiram emplacar os vices em chapas majorit\u00e1rias.<\/p>\n<p><strong>@@@<\/strong> Dari Oliveira, presidente do DEM, e Jacier Dias, presidente do PSC, indicaram seus principais membros, o contabilista Darci Ceruti e a vereadora Marta Moreira, para serem vices nas candidaturas encabe\u00e7adas por Rosani Donadon e Eduardo \u201cJapon\u00eas\u201d, respectivamente.<\/p>\n<p><strong>@@@ <\/strong>Dari faz parte do staf de Rover e \u00e9 titular de tr\u00eas secretarias municipais unificadas: Obras, Tr\u00e2nsito e Meio Ambiente. Por sua vez, Jacier, al\u00e9m de ser vice-prefeito, foi secret\u00e1rio de Sa\u00fade e Comunica\u00e7\u00e3o na prefeitura. Ele pulou fora porque, sem espa\u00e7o, denunciou irregularidades na prefeitura. Sen\u00e3o, vejamos:<\/p>\n<p><strong>@@@ <\/strong>DEM e PSC abra\u00e7aram a candidatura de Rover nas elei\u00e7\u00f5es de 2008, e em 2012 quando garantiu a reelei\u00e7\u00e3o. Nas duas vezes, o empres\u00e1rio do antigo \u201cMercado Rover\u201d derrotou Donadon por ampla vantagem. \u00a0Durante seis anos, tudo foi \u201calegria\u201d na gest\u00e3o Rover, que era chamada \u201cDo Bem\u201d por seus assessores.<\/p>\n<p><strong>@@@<\/strong> Por\u00e9m, isso mudou em 10 de junho de 2015, quando Jacier cortou rela\u00e7\u00f5es com o mandat\u00e1rio e apontou corrup\u00e7\u00e3o na prefeitura de Vilhena. O resultado: uma s\u00e9rie de pris\u00f5es de secret\u00e1rios municipais e homens de confian\u00e7a do prefeito, acusados de desvio de dinheiro p\u00fablicos em v\u00e1rias \u00e1reas da gest\u00e3o p\u00fablica municipal.<\/p>\n<p><strong>@@@ <\/strong>Rover, que sonhava ser candidato a deputado federal ou at\u00e9 mesmo disputar o Governo (ele anunciou \u00e0 imprensa), retirou tudo e qualquer tipo de projeto pol\u00edtico e se escondeu da popula\u00e7\u00e3o. Com o lixo espalhado por toda a cidade, caos na sa\u00fade, problemas na Educa\u00e7\u00e3o como a m\u00e1 qualidade da merenda escolar e respondendo diversas a\u00e7\u00f5es na justi\u00e7a, Rover aguarda ansiosamente encerrar o mandato para n\u00e3o ser mais alvo de reclama\u00e7\u00f5es. E, \u00e9 claro, com isto, o ditado acima se consolida. Salvar a pele faz parte do jogo politico. \u00c9 assim a pol\u00edtica.<\/p>\n<p><strong>@@@ <\/strong>Nesta situa\u00e7\u00e3o, o \u00fanico candidato que n\u00e3o conta com apoio de pessoas pr\u00f3ximas ao prefeito \u00e9 Julinho da R\u00e1dio (PSOL), que tem a professora Osnier Machado como vice. Com chapa puro sangue, o radialista j\u00e1 anunciou que \u00e9 contra coliga\u00e7\u00f5es, algo natural na pol\u00edtica. Para ele, coliga\u00e7\u00e3o \u00e9 o come\u00e7o das negociatas. Ele garante governar com a Pol\u00edcia Federal, promotoria p\u00fablica, observat\u00f3rio social e conselhos municipais. \u201cS\u00f3 assim para acabar com a corrup\u00e7\u00e3o\u201d, avalia.<\/p>\n<p><strong>@@@<\/strong> Enquanto isso, O radialista est\u00e1 sozinho com o PSOL, Rosani conta com apoio de 13 partidos pol\u00edticos: PMDB, DEM, PHS, PMN, PSB, PSD, PSDC, PtdoB, PCdoB, PTN, PPS e PTB. Neste domingo, 7, sua assessoria tamb\u00e9m anunciou a inclus\u00e3o do PEN. J\u00e1 \u201cJapon\u00eas\u201d tamb\u00e9m conta com 13 legendas: SD, PRTB, PRP, PP, PR, PT, PDT, PV, PSC, PTC, PRB, PSDB e PROS.<\/p>\n<p><strong>@@@ <\/strong>Nesta elei\u00e7\u00e3o, Vilhena ter\u00e1 133 candidatos a vereador. Rosani tem 78 postulantes, Japon\u00eas 52 e Julinho apenas 3. Percentual, a candidata do PMDB conta com 60% dos candidatos. Como s\u00e3o 13 vagas dispon\u00edveis para a legislatura 2017\/2020, percentualmente, dir\u00edamos que cada dez candidatos disputam uma vaga.<\/p>\n<p><strong>@@@<\/strong> O senador Valdir Raupp e o deputado estadual Maur\u00e3o de Carvalho, ambos do PMDB, fizeram uma visita mete\u00f3rica a Vilhena na \u00faltima sexta-feira. Participaram de atos pol\u00edticos e sumiram da cidade. Acusa\u00e7\u00f5es de envolvimento em atos de corrup\u00e7\u00e3o em n\u00edvel federal e estadual pesam na consci\u00eancia da dupla. Raupp \u00e9 acusado de receber propina na opera\u00e7\u00e3o \u201cLava Jato\u201d e Maur\u00e3o percebe os reflexos da opera\u00e7\u00e3o de Pol\u00edcia Federal que descobriu a \u201cFolha Paralela\u201d na Assembleia Legislativa de Rond\u00f4nia. H\u00e1 quem diga que a presen\u00e7a da dupla em palanque pol\u00edtico vai prejudicar o candidato majorit\u00e1rio.<\/p>\n<p><strong>@@@ <\/strong>Com as candidaturas oficializadas, agora \u00e9 a vez do Minist\u00e9rio P\u00fablico Eleitoral (MPE) analisar quem est\u00e1 apto ou n\u00e3o a participar do pleito. Em Vilhena, o promotor de justi\u00e7a Paulo Lermer, j\u00e1 anunciou que n\u00e3o vai passar na cabe\u00e7a de ningu\u00e9m e quem n\u00e3o se encaixar nos requisitos e normas estabelecidas pela Justi\u00e7a, est\u00e1 fora das elei\u00e7\u00f5es. O mesmo recado foi dado pelo Juiz Eleitoral. Eles devem informar a situa\u00e7\u00e3o jur\u00eddica dos 133 candidatos at\u00e9 o dia 15 de agosto, prazo para impugna\u00e7\u00f5es de candidaturas.<\/p>\n<p>&nbsp;<\/p>\n<p>Texto: Extra de Rond\u00f4nia<\/p>\n<p>Foto\/montagem: Extra de Rond\u00f4nia<\/p>\n","protected":false},"excerpt":{"rendered":"<p>@@@ Assim diz o conhecido ditado: \u201cQuando o navio afunda, os ratos s\u00e3o os primeiros a sair\u201d. Com todo respeito, mas isto parece (apenas parece) que reflete diretamente na pol\u00edtica em Vilhena. Os (ex) aliados do atual prefeito Z\u00e9 Rover (PP) se articularam e conseguiram emplacar os vices em chapas majorit\u00e1rias. @@@ Dari Oliveira, presidente [&hellip;]<\/p>\n","protected":false},"author":3,"featured_media":139068,"comment_status":"closed","ping_status":"closed","sticky":false,"template":"","format":"standard","meta":{"footnotes":""},"categories":[2],"tags":[],"class_list":["post-139067","post","type-post","status-publish","format-standard","has-post-thumbnail","hentry","category-politica"],"_links":{"self":[{"href":"https:\/\/www.extraderondonia.com.br\/sistema\/wp-json\/wp\/v2\/posts\/139067","targetHints":{"allow":["GET"]}}],"collection":[{"href":"https:\/\/www.extraderondonia.com.br\/sistema\/wp-json\/wp\/v2\/posts"}],"about":[{"href":"https:\/\/www.extraderondonia.com.br\/sistema\/wp-json\/wp\/v2\/types\/post"}],"author":[{"embeddable":true,"href":"https:\/\/www.extraderondonia.com.br\/sistema\/wp-json\/wp\/v2\/users\/3"}],"replies":[{"embeddable":true,"href":"https:\/\/www.extraderondonia.com.br\/sistema\/wp-json\/wp\/v2\/comments?post=139067"}],"version-history":[{"count":0,"href":"https:\/\/www.extraderondonia.com.br\/sistema\/wp-json\/wp\/v2\/posts\/139067\/revisions"}],"wp:featuredmedia":[{"embeddable":true,"href":"https:\/\/www.extraderondonia.com.br\/sistema\/wp-json\/wp\/v2\/media\/139068"}],"wp:attachment":[{"href":"https:\/\/www.extraderondonia.com.br\/sistema\/wp-json\/wp\/v2\/media?parent=139067"}],"wp:term":[{"taxonomy":"category","embeddable":true,"href":"https:\/\/www.extraderondonia.com.br\/sistema\/wp-json\/wp\/v2\/categories?post=139067"},{"taxonomy":"post_tag","embeddable":true,"href":"https:\/\/www.extraderondonia.com.br\/sistema\/wp-json\/wp\/v2\/tags?post=139067"}],"curies":[{"name":"wp","href":"https:\/\/api.w.org\/{rel}","templated":true}]}}