{"id":139091,"date":"2016-08-07T16:14:13","date_gmt":"2016-08-07T20:14:13","guid":{"rendered":"http:\/\/www.extraderondonia.com.br\/?p=139091"},"modified":"2016-08-08T02:14:52","modified_gmt":"2016-08-08T06:14:52","slug":"descontrolado-filho-mata-a-mae-e-quatro-cachorros-em-vilhena","status":"publish","type":"post","link":"https:\/\/www.extraderondonia.com.br\/sistema\/2016\/08\/07\/descontrolado-filho-mata-a-mae-e-quatro-cachorros-em-vilhena\/","title":{"rendered":"Descontrolado, filho mata a m\u00e3e e quatro cachorros em Vilhena"},"content":{"rendered":"<p>&nbsp;<\/p>\n<p><img loading=\"lazy\" decoding=\"async\" class=\"alignright size-medium wp-image-139092\" src=\"http:\/\/www.extraderondonia.com.br\/sistema\/wp-content\/uploads\/2016\/08\/13942629_981414168646566_23049411_n-300x225.jpg\" alt=\"13942629_981414168646566_23049411_n\" width=\"300\" height=\"225\" srcset=\"https:\/\/www.extraderondonia.com.br\/sistema\/wp-content\/uploads\/2016\/08\/13942629_981414168646566_23049411_n-300x225.jpg 300w, https:\/\/www.extraderondonia.com.br\/sistema\/wp-content\/uploads\/2016\/08\/13942629_981414168646566_23049411_n-80x60.jpg 80w, https:\/\/www.extraderondonia.com.br\/sistema\/wp-content\/uploads\/2016\/08\/13942629_981414168646566_23049411_n-265x198.jpg 265w, https:\/\/www.extraderondonia.com.br\/sistema\/wp-content\/uploads\/2016\/08\/13942629_981414168646566_23049411_n-696x523.jpg 696w, https:\/\/www.extraderondonia.com.br\/sistema\/wp-content\/uploads\/2016\/08\/13942629_981414168646566_23049411_n-559x420.jpg 559w, https:\/\/www.extraderondonia.com.br\/sistema\/wp-content\/uploads\/2016\/08\/13942629_981414168646566_23049411_n-768x577.jpg 768w, https:\/\/www.extraderondonia.com.br\/sistema\/wp-content\/uploads\/2016\/08\/13942629_981414168646566_23049411_n-600x451.jpg 600w, https:\/\/www.extraderondonia.com.br\/sistema\/wp-content\/uploads\/2016\/08\/13942629_981414168646566_23049411_n-294x221.jpg 294w, https:\/\/www.extraderondonia.com.br\/sistema\/wp-content\/uploads\/2016\/08\/13942629_981414168646566_23049411_n.jpg 852w\" sizes=\"auto, (max-width: 300px) 100vw, 300px\" \/>Na tarde deste domingo, 7, na Rua Domingos Linhares, pr\u00f3ximo a Avenida Jos\u00e9 do Patroc\u00ednio, no centro de Vilhena, o filho matou a m\u00e3e a facadas e tentou atacar outra pessoa, mas n\u00e3o conseguiu.<\/p>\n<p>Al\u00e9m disso, quatro cachorros tamb\u00e9m foram mortos pelo suspeito.<\/p>\n<p>A Pol\u00edcia Militar chegou ao local rapidamente. Por\u00e9m, o suspeito estava descontrolado e partiu para cima dos policias, sendo necess\u00e1rio tiro de advert\u00eancia, mas n\u00e3o surtiu efeito. Com isso, um disparo foi efetuado contra agressor para cont\u00ea-lo e garantir a integridade f\u00edsica.<\/p>\n<p>O tiro acertou a perna do agressor identificado como Ivo Royer, de 49 anos. Ele foi socorrido pelos bombeiros ao Hospital Regional.<\/p>\n<p>A idosa identificada como L\u00eddia Margarida Royer, de 72 anos, morava na casa com seu filho que a matou.<\/p>\n<p>O motivo do crime n\u00e3o foi desvendado, mas a policia acredita que pode estar ligado a um surto psicol\u00f3gico que o agressor teve.<\/p>\n<p><img loading=\"lazy\" decoding=\"async\" class=\"aligncenter size-large wp-image-139109\" src=\"http:\/\/www.extraderondonia.com.br\/sistema\/wp-content\/uploads\/2016\/08\/006-600x472.jpg\" alt=\"006\" width=\"600\" height=\"472\" srcset=\"https:\/\/www.extraderondonia.com.br\/sistema\/wp-content\/uploads\/2016\/08\/006.jpg 600w, https:\/\/www.extraderondonia.com.br\/sistema\/wp-content\/uploads\/2016\/08\/006-300x236.jpg 300w\" sizes=\"auto, (max-width: 600px) 100vw, 600px\" \/><\/p>\n<p><img loading=\"lazy\" decoding=\"async\" class=\"aligncenter size-large wp-image-139093\" src=\"http:\/\/www.extraderondonia.com.br\/sistema\/wp-content\/uploads\/2016\/08\/13988649_981414171979899_1620528819_n-600x451.jpg\" alt=\"13988649_981414171979899_1620528819_n\" width=\"600\" height=\"451\" srcset=\"https:\/\/www.extraderondonia.com.br\/sistema\/wp-content\/uploads\/2016\/08\/13988649_981414171979899_1620528819_n-600x451.jpg 600w, https:\/\/www.extraderondonia.com.br\/sistema\/wp-content\/uploads\/2016\/08\/13988649_981414171979899_1620528819_n-300x225.jpg 300w, https:\/\/www.extraderondonia.com.br\/sistema\/wp-content\/uploads\/2016\/08\/13988649_981414171979899_1620528819_n-768x577.jpg 768w, https:\/\/www.extraderondonia.com.br\/sistema\/wp-content\/uploads\/2016\/08\/13988649_981414171979899_1620528819_n-294x221.jpg 294w, https:\/\/www.extraderondonia.com.br\/sistema\/wp-content\/uploads\/2016\/08\/13988649_981414171979899_1620528819_n.jpg 852w\" sizes=\"auto, (max-width: 600px) 100vw, 600px\" \/><\/p>\n<p><img loading=\"lazy\" decoding=\"async\" class=\"aligncenter size-large wp-image-139094\" src=\"http:\/\/www.extraderondonia.com.br\/sistema\/wp-content\/uploads\/2016\/08\/13936658_981414155313234_1345628633_n-600x451.jpg\" alt=\"13936658_981414155313234_1345628633_n\" width=\"600\" height=\"451\" srcset=\"https:\/\/www.extraderondonia.com.br\/sistema\/wp-content\/uploads\/2016\/08\/13936658_981414155313234_1345628633_n-600x451.jpg 600w, https:\/\/www.extraderondonia.com.br\/sistema\/wp-content\/uploads\/2016\/08\/13936658_981414155313234_1345628633_n-300x225.jpg 300w, https:\/\/www.extraderondonia.com.br\/sistema\/wp-content\/uploads\/2016\/08\/13936658_981414155313234_1345628633_n-768x577.jpg 768w, https:\/\/www.extraderondonia.com.br\/sistema\/wp-content\/uploads\/2016\/08\/13936658_981414155313234_1345628633_n-294x221.jpg 294w, https:\/\/www.extraderondonia.com.br\/sistema\/wp-content\/uploads\/2016\/08\/13936658_981414155313234_1345628633_n.jpg 852w\" sizes=\"auto, (max-width: 600px) 100vw, 600px\" \/><\/p>\n<p>Texto: Extra de Rond\u00f4nia<\/p>\n<p>Fotos: Extra de Rond\u00f4nia<\/p>\n","protected":false},"excerpt":{"rendered":"<p>&nbsp; Na tarde deste domingo, 7, na Rua Domingos Linhares, pr\u00f3ximo a Avenida Jos\u00e9 do Patroc\u00ednio, no centro de Vilhena, o filho matou a m\u00e3e a facadas e tentou atacar outra pessoa, mas n\u00e3o conseguiu. Al\u00e9m disso, quatro cachorros tamb\u00e9m foram mortos pelo suspeito. A Pol\u00edcia Militar chegou ao local rapidamente. Por\u00e9m, o suspeito estava [&hellip;]<\/p>\n","protected":false},"author":4,"featured_media":139092,"comment_status":"closed","ping_status":"closed","sticky":false,"template":"","format":"standard","meta":{"footnotes":""},"categories":[3],"tags":[],"class_list":["post-139091","post","type-post","status-publish","format-standard","has-post-thumbnail","hentry","category-policial"],"_links":{"self":[{"href":"https:\/\/www.extraderondonia.com.br\/sistema\/wp-json\/wp\/v2\/posts\/139091","targetHints":{"allow":["GET"]}}],"collection":[{"href":"https:\/\/www.extraderondonia.com.br\/sistema\/wp-json\/wp\/v2\/posts"}],"about":[{"href":"https:\/\/www.extraderondonia.com.br\/sistema\/wp-json\/wp\/v2\/types\/post"}],"author":[{"embeddable":true,"href":"https:\/\/www.extraderondonia.com.br\/sistema\/wp-json\/wp\/v2\/users\/4"}],"replies":[{"embeddable":true,"href":"https:\/\/www.extraderondonia.com.br\/sistema\/wp-json\/wp\/v2\/comments?post=139091"}],"version-history":[{"count":0,"href":"https:\/\/www.extraderondonia.com.br\/sistema\/wp-json\/wp\/v2\/posts\/139091\/revisions"}],"wp:featuredmedia":[{"embeddable":true,"href":"https:\/\/www.extraderondonia.com.br\/sistema\/wp-json\/wp\/v2\/media\/139092"}],"wp:attachment":[{"href":"https:\/\/www.extraderondonia.com.br\/sistema\/wp-json\/wp\/v2\/media?parent=139091"}],"wp:term":[{"taxonomy":"category","embeddable":true,"href":"https:\/\/www.extraderondonia.com.br\/sistema\/wp-json\/wp\/v2\/categories?post=139091"},{"taxonomy":"post_tag","embeddable":true,"href":"https:\/\/www.extraderondonia.com.br\/sistema\/wp-json\/wp\/v2\/tags?post=139091"}],"curies":[{"name":"wp","href":"https:\/\/api.w.org\/{rel}","templated":true}]}}