{"id":139844,"date":"2016-08-17T14:28:12","date_gmt":"2016-08-17T18:28:12","guid":{"rendered":"http:\/\/www.extraderondonia.com.br\/?p=139844"},"modified":"2016-08-17T14:29:31","modified_gmt":"2016-08-17T18:29:31","slug":"deputados-sao-informados-de-acao-de-servidores-da-sedam-contra-produtores","status":"publish","type":"post","link":"https:\/\/www.extraderondonia.com.br\/sistema\/2016\/08\/17\/deputados-sao-informados-de-acao-de-servidores-da-sedam-contra-produtores\/","title":{"rendered":"Deputados s\u00e3o informados de a\u00e7\u00e3o de servidores da Sedam contra produtores"},"content":{"rendered":"<p><img loading=\"lazy\" decoding=\"async\" class=\"alignright size-medium wp-image-139847\" src=\"http:\/\/www.extraderondonia.com.br\/sistema\/wp-content\/uploads\/2016\/08\/Deputados-s\u00e3o-informados-de-a\u00e7\u00e3o-de-servidores-da-Sedam-contra-produtores-em-Cujubim-Foto-Marisvaldo-9-300x200.jpg\" alt=\"Deputados s\u00e3o informados de a\u00e7\u00e3o de servidores da Sedam contra produtores em Cujubim]-Foto Marisvaldo (9)\" width=\"300\" height=\"200\" srcset=\"https:\/\/www.extraderondonia.com.br\/sistema\/wp-content\/uploads\/2016\/08\/Deputados-s\u00e3o-informados-de-a\u00e7\u00e3o-de-servidores-da-Sedam-contra-produtores-em-Cujubim-Foto-Marisvaldo-9-300x200.jpg 300w, https:\/\/www.extraderondonia.com.br\/sistema\/wp-content\/uploads\/2016\/08\/Deputados-s\u00e3o-informados-de-a\u00e7\u00e3o-de-servidores-da-Sedam-contra-produtores-em-Cujubim-Foto-Marisvaldo-9-630x420.jpg 630w, https:\/\/www.extraderondonia.com.br\/sistema\/wp-content\/uploads\/2016\/08\/Deputados-s\u00e3o-informados-de-a\u00e7\u00e3o-de-servidores-da-Sedam-contra-produtores-em-Cujubim-Foto-Marisvaldo-9-600x400.jpg 600w, https:\/\/www.extraderondonia.com.br\/sistema\/wp-content\/uploads\/2016\/08\/Deputados-s\u00e3o-informados-de-a\u00e7\u00e3o-de-servidores-da-Sedam-contra-produtores-em-Cujubim-Foto-Marisvaldo-9.jpg 640w\" sizes=\"auto, (max-width: 300px) 100vw, 300px\" \/>O presidente da Assembleia Legislativa, Maur\u00e3o de Carvalho (PMDB) e o deputado estadual S\u00f3 Na Ben\u00e7a (PMDB), foram informados de uma recente a\u00e7\u00e3o promovida por servidores da Secretaria de Desenvolvimento Ambiental (Sedam), contra produtores rurais que ocupam a Reserva Extrativista Jacund\u00e1, em Cujubim.<\/p>\n<p>Segundo a den\u00fancia, em seguidas opera\u00e7\u00f5es, agricultores e familiares que est\u00e3o na regi\u00e3o h\u00e1 uma d\u00e9cada, estariam sofrendo amea\u00e7as, humilha\u00e7\u00f5es, persegui\u00e7\u00f5es e tendo motos e equipamentos queimados, po\u00e7os contaminados com \u00f3leo, entre outras arbitrariedades.<\/p>\n<p>\u201cSe os produtores est\u00e3o ilegais, que sejam penalizados, dentro da lei, mas tratados como cidad\u00e3os. O fato de ocuparem uma \u00e1rea de reserva n\u00e3o os tornam pessoas de segunda classe, que devam ser tratados de forma arbitr\u00e1ria. Vamos acionar a Sedam para que apure a den\u00fancia e puna quem cometeu esses abusos\u201d, disse Maur\u00e3o.<\/p>\n<p>S\u00f3 Na Ben\u00e7a acrescentou que na regi\u00e3o moram cerca de 200 fam\u00edlias, retirando da terra o seu sustento. \u201cQuem praticou esse ato criminoso precisa ser punido. Com certeza, n\u00e3o \u00e9 essa a determina\u00e7\u00e3o do governador Conf\u00facio Moura (PMDB) e nem do secret\u00e1rio da Sedam, Vilson de Sales. Ningu\u00e9m est\u00e1 acima da lei\u201d, ponderou.<\/p>\n<p>Os advogados dos produtores da regi\u00e3o, Rodrigo Luciano e J\u00falio Cesar, relataram o clima de medo que se instalou entre as fam\u00edlias da regi\u00e3o. \u201cS\u00e3o pessoas simples, que vivem do trabalho na terra. Temos idosos que est\u00e3o apavorados, pois o que sofreram foi uma situa\u00e7\u00e3o absurda e inaceit\u00e1vel\u201d, completou Luciano.<\/p>\n<p>O produtor Rodinei Cardoso, que mora h\u00e1 nove anos na localidade, criando gado, cultivando banana e outras culturas, tamb\u00e9m refor\u00e7ou o pedido de provid\u00eancias contra as a\u00e7\u00f5es arbitr\u00e1rias.<\/p>\n<p>Autor e foto: Eranildo Costa Luna<\/p>\n","protected":false},"excerpt":{"rendered":"<p>O presidente da Assembleia Legislativa, Maur\u00e3o de Carvalho (PMDB) e o deputado estadual S\u00f3 Na Ben\u00e7a (PMDB), foram informados de uma recente a\u00e7\u00e3o promovida por servidores da Secretaria de Desenvolvimento Ambiental (Sedam), contra produtores rurais que ocupam a Reserva Extrativista Jacund\u00e1, em Cujubim. Segundo a den\u00fancia, em seguidas opera\u00e7\u00f5es, agricultores e familiares que est\u00e3o na [&hellip;]<\/p>\n","protected":false},"author":2,"featured_media":139847,"comment_status":"closed","ping_status":"closed","sticky":false,"template":"","format":"standard","meta":{"footnotes":""},"categories":[2],"tags":[],"class_list":["post-139844","post","type-post","status-publish","format-standard","has-post-thumbnail","hentry","category-politica"],"_links":{"self":[{"href":"https:\/\/www.extraderondonia.com.br\/sistema\/wp-json\/wp\/v2\/posts\/139844","targetHints":{"allow":["GET"]}}],"collection":[{"href":"https:\/\/www.extraderondonia.com.br\/sistema\/wp-json\/wp\/v2\/posts"}],"about":[{"href":"https:\/\/www.extraderondonia.com.br\/sistema\/wp-json\/wp\/v2\/types\/post"}],"author":[{"embeddable":true,"href":"https:\/\/www.extraderondonia.com.br\/sistema\/wp-json\/wp\/v2\/users\/2"}],"replies":[{"embeddable":true,"href":"https:\/\/www.extraderondonia.com.br\/sistema\/wp-json\/wp\/v2\/comments?post=139844"}],"version-history":[{"count":0,"href":"https:\/\/www.extraderondonia.com.br\/sistema\/wp-json\/wp\/v2\/posts\/139844\/revisions"}],"wp:featuredmedia":[{"embeddable":true,"href":"https:\/\/www.extraderondonia.com.br\/sistema\/wp-json\/wp\/v2\/media\/139847"}],"wp:attachment":[{"href":"https:\/\/www.extraderondonia.com.br\/sistema\/wp-json\/wp\/v2\/media?parent=139844"}],"wp:term":[{"taxonomy":"category","embeddable":true,"href":"https:\/\/www.extraderondonia.com.br\/sistema\/wp-json\/wp\/v2\/categories?post=139844"},{"taxonomy":"post_tag","embeddable":true,"href":"https:\/\/www.extraderondonia.com.br\/sistema\/wp-json\/wp\/v2\/tags?post=139844"}],"curies":[{"name":"wp","href":"https:\/\/api.w.org\/{rel}","templated":true}]}}