{"id":139855,"date":"2016-08-17T15:53:12","date_gmt":"2016-08-17T19:53:12","guid":{"rendered":"http:\/\/www.extraderondonia.com.br\/?p=139855"},"modified":"2016-08-18T09:27:45","modified_gmt":"2016-08-18T13:27:45","slug":"advogado-assegura-que-rosani-donadon-esta-apta-as-eleicoes-impedimento-ja-cessou","status":"publish","type":"post","link":"https:\/\/www.extraderondonia.com.br\/sistema\/2016\/08\/17\/advogado-assegura-que-rosani-donadon-esta-apta-as-eleicoes-impedimento-ja-cessou\/","title":{"rendered":"Advogado assegura que Rosani Donadon est\u00e1 apta \u00e0s elei\u00e7\u00f5es: \u201cImpedimento j\u00e1 cessou\u201d"},"content":{"rendered":"<figure id=\"attachment_139856\" aria-describedby=\"caption-attachment-139856\" style=\"width: 300px\" class=\"wp-caption alignleft\"><a href=\"http:\/\/www.extraderondonia.com.br\/sistema\/wp-content\/uploads\/2016\/08\/torres.jpg\" rel=\"attachment wp-att-139856\"><img loading=\"lazy\" decoding=\"async\" class=\"size-medium wp-image-139856\" src=\"http:\/\/www.extraderondonia.com.br\/sistema\/wp-content\/uploads\/2016\/08\/torres-300x244.jpg\" alt=\"M\u00e1rio Torres diz que posi\u00e7\u00e3o do MP era previs\u00edvel\" width=\"300\" height=\"244\" srcset=\"https:\/\/www.extraderondonia.com.br\/sistema\/wp-content\/uploads\/2016\/08\/torres-300x244.jpg 300w, https:\/\/www.extraderondonia.com.br\/sistema\/wp-content\/uploads\/2016\/08\/torres-517x420.jpg 517w, https:\/\/www.extraderondonia.com.br\/sistema\/wp-content\/uploads\/2016\/08\/torres.jpg 550w\" sizes=\"auto, (max-width: 300px) 100vw, 300px\" \/><\/a><figcaption id=\"caption-attachment-139856\" class=\"wp-caption-text\">M\u00e1rio Torres diz que posi\u00e7\u00e3o do MP era previs\u00edvel<\/figcaption><\/figure>\n<p>A assessoria jur\u00eddica da candidata a prefeita de Vilhena, Rosani Donadon (PMDB) confirmou na tarde desta ter\u00e7a-feira, 16, que tomou conhecimento que o Minist\u00e9rio P\u00fablico Eleitoral (MPE), apresentou impugna\u00e7\u00e3o ao registro de candidatura da ex-secret\u00e1ria de a\u00e7\u00e3o social.<\/p>\n<p>De acordo com o advogado da candidata, M\u00e1rio Torres, a posi\u00e7\u00e3o do MP era previs\u00edvel, pois impugnar candidaturas, at\u00e9 mesmo para sanar eventuais d\u00favidas e controv\u00e9rsias, \u00e9 fun\u00e7\u00e3o institucional do MPE, \u00f3rg\u00e3o genuinamente acusador.<\/p>\n<p>Entretanto, o advogado assegura que a candidata est\u00e1 apta a concorrer ao cargo, al\u00e9m de acreditar na possibilidade de o registro ser concedido em primeira inst\u00e2ncia, em virtude do atual posicionamento dos Tribunais Eleitorais Superiores, acerca do caso de Rosani.\u00a0Em nota, assim se manifestou o advogado:<\/p>\n<p>\u201cO MPE est\u00e1 cumprindo com grande esmero sua fun\u00e7\u00e3o institucional. Entretanto, temos entendimento diverso. H\u00e1 de ser esclarecido que o impedimento da Dona Rosani j\u00e1 cessou, em qualquer dos \u00e2ngulos que se observe a quest\u00e3o. A restri\u00e7\u00e3o consistente na suspens\u00e3o dos direitos pol\u00edticos por 8 anos, na verdade n\u00e3o se refere aos anos, mas sim a mandatos. Ent\u00e3o, segundo entendimento do TSE, \u00e9 prudente observar que a candidata ficou afastada por 2 mandatos eletivos, atendendo ao esp\u00edrito da Lei. Vedar sua candidatura nesse momento, significaria violar a coisa julgada e aumentar a restri\u00e7\u00e3o de 8 para 12 anos, de 2 para 3 mandatos, o que \u00e9 vedado pelo ordenamento jur\u00eddico constitucional, onde a coisa julgada \u00e9 soberana. Outro importante ponto de reflex\u00e3o \u00e9 o da irretroatividade da Lei, prevista na Constitui\u00e7\u00e3o Federal. Por esta \u00f3tica, temos que, a restri\u00e7\u00e3o aplicada \u00e0 Dona Rosani no ano de 2008 foi de suspens\u00e3o dos direitos pol\u00edticos por 3 anos e n\u00e3o 8 anos, conforme senten\u00e7as que seguem anexas ao pedido de registro apresentado. A Lei que alterou esta restri\u00e7\u00e3o de 3 para 8 anos vigorou no ano de 2010, ou seja, 2 anos ap\u00f3s o fato atribu\u00eddo \u00e0 candidata, pelo que, segundo o texto constitucional, Lei prejudicial n\u00e3o pode ser aplicada a fatos ocorridos anteriormente a sua vig\u00eancia\u201d.<\/p>\n<p>Mario Torres salientou ainda que, \u00e0 \u00e9poca da Lei do Ficha Limpa, no ano de 2010, os Tribunais Superiores n\u00e3o haviam chegado a um consenso acerca do assunto.<\/p>\n<p>A candidata a prefeita Rosani Donadon tamb\u00e9m se manifestou sobre a decis\u00e3o. \u201cSe eu tivesse a certeza de que n\u00e3o poderia ser candidata, jamais teria aceitado participar do pleito eleitoral, pois n\u00e3o tenho coragem de enganar meus eleitores, irm\u00e3os de f\u00e9 que tanto respeito. Ademais, j\u00e1 sofremos muito at\u00e9 aqui e n\u00e3o mancharia meu nome, muito menos o da minha fam\u00edlia\u201d, disse a candidata.<\/p>\n<p>Rosani Donadon reiterou, ainda, que sua campanha segue normalmente, pois est\u00e1 confiante em um resultado favor\u00e1vel, pela observ\u00e2ncia do ju\u00edzo eleitoral local, quanto aos entendimentos j\u00e1 pacificados nos Tribunais Eleitorais Superiores. \u201cO que aconteceu foi apenas um posicionamento leg\u00edtimo do Minist\u00e9rio P\u00fablico Eleitoral, que muito bem desempenha suas fun\u00e7\u00f5es. Entretanto, ainda n\u00e3o h\u00e1 uma decis\u00e3o judicial sobre o caso. Conhecendo a seriedade e imparcialidade da Justi\u00e7a Eleitoral local, acredito que obteremos o registro ainda em primeira inst\u00e2ncia\u201d, arrematou a candidata.<\/p>\n<p>&nbsp;<\/p>\n<p>Texto: Assessoria<\/p>\n<p>Foto: Divulga\u00e7\u00e3o<\/p>\n","protected":false},"excerpt":{"rendered":"<p>A assessoria jur\u00eddica da candidata a prefeita de Vilhena, Rosani Donadon (PMDB) confirmou na tarde desta ter\u00e7a-feira, 16, que tomou conhecimento que o Minist\u00e9rio P\u00fablico Eleitoral (MPE), apresentou impugna\u00e7\u00e3o ao registro de candidatura da ex-secret\u00e1ria de a\u00e7\u00e3o social. De acordo com o advogado da candidata, M\u00e1rio Torres, a posi\u00e7\u00e3o do MP era previs\u00edvel, pois impugnar [&hellip;]<\/p>\n","protected":false},"author":3,"featured_media":139856,"comment_status":"closed","ping_status":"closed","sticky":false,"template":"","format":"standard","meta":{"footnotes":""},"categories":[1,12],"tags":[],"class_list":["post-139855","post","type-post","status-publish","format-standard","has-post-thumbnail","hentry","category-geral","category-sem-categoria"],"_links":{"self":[{"href":"https:\/\/www.extraderondonia.com.br\/sistema\/wp-json\/wp\/v2\/posts\/139855","targetHints":{"allow":["GET"]}}],"collection":[{"href":"https:\/\/www.extraderondonia.com.br\/sistema\/wp-json\/wp\/v2\/posts"}],"about":[{"href":"https:\/\/www.extraderondonia.com.br\/sistema\/wp-json\/wp\/v2\/types\/post"}],"author":[{"embeddable":true,"href":"https:\/\/www.extraderondonia.com.br\/sistema\/wp-json\/wp\/v2\/users\/3"}],"replies":[{"embeddable":true,"href":"https:\/\/www.extraderondonia.com.br\/sistema\/wp-json\/wp\/v2\/comments?post=139855"}],"version-history":[{"count":0,"href":"https:\/\/www.extraderondonia.com.br\/sistema\/wp-json\/wp\/v2\/posts\/139855\/revisions"}],"wp:featuredmedia":[{"embeddable":true,"href":"https:\/\/www.extraderondonia.com.br\/sistema\/wp-json\/wp\/v2\/media\/139856"}],"wp:attachment":[{"href":"https:\/\/www.extraderondonia.com.br\/sistema\/wp-json\/wp\/v2\/media?parent=139855"}],"wp:term":[{"taxonomy":"category","embeddable":true,"href":"https:\/\/www.extraderondonia.com.br\/sistema\/wp-json\/wp\/v2\/categories?post=139855"},{"taxonomy":"post_tag","embeddable":true,"href":"https:\/\/www.extraderondonia.com.br\/sistema\/wp-json\/wp\/v2\/tags?post=139855"}],"curies":[{"name":"wp","href":"https:\/\/api.w.org\/{rel}","templated":true}]}}