{"id":139859,"date":"2016-08-17T16:00:19","date_gmt":"2016-08-17T20:00:19","guid":{"rendered":"http:\/\/www.extraderondonia.com.br\/?p=139859"},"modified":"2016-08-17T16:37:56","modified_gmt":"2016-08-17T20:37:56","slug":"celio-batista-destaca-fortalecimento-do-pr-em-vilhena","status":"publish","type":"post","link":"https:\/\/www.extraderondonia.com.br\/sistema\/2016\/08\/17\/celio-batista-destaca-fortalecimento-do-pr-em-vilhena\/","title":{"rendered":"C\u00e9lio Batista destaca fortalecimento do PR em Vilhena"},"content":{"rendered":"<figure id=\"attachment_139860\" aria-describedby=\"caption-attachment-139860\" style=\"width: 300px\" class=\"wp-caption aligncenter\"><a href=\"http:\/\/www.extraderondonia.com.br\/sistema\/wp-content\/uploads\/2016\/08\/celio-batista.jpg\" rel=\"attachment wp-att-139860\"><img loading=\"lazy\" decoding=\"async\" class=\"size-medium wp-image-139860\" src=\"http:\/\/www.extraderondonia.com.br\/sistema\/wp-content\/uploads\/2016\/08\/celio-batista-300x252.jpg\" alt=\"Vereador \u00e9 presidente do PR em Vilhena\" width=\"300\" height=\"252\" srcset=\"https:\/\/www.extraderondonia.com.br\/sistema\/wp-content\/uploads\/2016\/08\/celio-batista-300x252.jpg 300w, https:\/\/www.extraderondonia.com.br\/sistema\/wp-content\/uploads\/2016\/08\/celio-batista-501x420.jpg 501w, https:\/\/www.extraderondonia.com.br\/sistema\/wp-content\/uploads\/2016\/08\/celio-batista.jpg 596w\" sizes=\"auto, (max-width: 300px) 100vw, 300px\" \/><\/a><figcaption id=\"caption-attachment-139860\" class=\"wp-caption-text\">Vereador \u00e9 presidente do PR em Vilhena<\/figcaption><\/figure>\n<p>\u00c0 frente da legenda no Munic\u00edpio desde mar\u00e7o passado, o vereador e candidato \u00e0 reelei\u00e7\u00e3o acredita estar cumprindo com a meta de fazer o partido ampliar seu espa\u00e7o no cen\u00e1rio pol\u00edtico local em Vilhena.<\/p>\n<p>Para exemplificar o avan\u00e7o, C\u00e9lio Batista compara o n\u00famero de candidatos a vereador entre a elei\u00e7\u00e3o passada e a de agora. \u201cEm 2.012 havia apenas um concorrente do partido, e agora s\u00e3o sete na disputa, mas t\u00ednhamos 12 bons nomes para lan\u00e7ar\u201d, explicou.<\/p>\n<p>O vereador disse ao <strong><em>Extra de Rond\u00f4nia<\/em><\/strong> que ao optar pela filia\u00e7\u00e3o ao PR no primeiro semestre recebeu do deputado federal Lu\u00eds Claudio, um dos expoentes do partido em Rond\u00f4nia, a miss\u00e3o de promover o crescimento de filiados, \u201cpor\u00e9m com qualidade e alto n\u00edvel de excel\u00eancia\u201d.<\/p>\n<p>Em sua an\u00e1lise a meta foi alcan\u00e7ada, \u201ce hoje contamos com importantes lideran\u00e7as comunit\u00e1rias entre nossos quadros\u201d.<\/p>\n<p>A coliga\u00e7\u00e3o da qual o partido perfilou-se tem como expectativa eleger pelo menos quatro candidatos ao Legislativo, \u201ce tenho certeza que entre eles estaremos muito bem representados\u201d.<\/p>\n<p>&nbsp;<\/p>\n<p>Fonte: Extra de Rond\u00f4nia<\/p>\n<p>Foto: Extra de Rond\u00f4nia<\/p>\n","protected":false},"excerpt":{"rendered":"<p>\u00c0 frente da legenda no Munic\u00edpio desde mar\u00e7o passado, o vereador e candidato \u00e0 reelei\u00e7\u00e3o acredita estar cumprindo com a meta de fazer o partido ampliar seu espa\u00e7o no cen\u00e1rio pol\u00edtico local em Vilhena. Para exemplificar o avan\u00e7o, C\u00e9lio Batista compara o n\u00famero de candidatos a vereador entre a elei\u00e7\u00e3o passada e a de agora. [&hellip;]<\/p>\n","protected":false},"author":3,"featured_media":139860,"comment_status":"closed","ping_status":"closed","sticky":false,"template":"","format":"standard","meta":{"footnotes":""},"categories":[1],"tags":[],"class_list":["post-139859","post","type-post","status-publish","format-standard","has-post-thumbnail","hentry","category-geral"],"_links":{"self":[{"href":"https:\/\/www.extraderondonia.com.br\/sistema\/wp-json\/wp\/v2\/posts\/139859","targetHints":{"allow":["GET"]}}],"collection":[{"href":"https:\/\/www.extraderondonia.com.br\/sistema\/wp-json\/wp\/v2\/posts"}],"about":[{"href":"https:\/\/www.extraderondonia.com.br\/sistema\/wp-json\/wp\/v2\/types\/post"}],"author":[{"embeddable":true,"href":"https:\/\/www.extraderondonia.com.br\/sistema\/wp-json\/wp\/v2\/users\/3"}],"replies":[{"embeddable":true,"href":"https:\/\/www.extraderondonia.com.br\/sistema\/wp-json\/wp\/v2\/comments?post=139859"}],"version-history":[{"count":0,"href":"https:\/\/www.extraderondonia.com.br\/sistema\/wp-json\/wp\/v2\/posts\/139859\/revisions"}],"wp:featuredmedia":[{"embeddable":true,"href":"https:\/\/www.extraderondonia.com.br\/sistema\/wp-json\/wp\/v2\/media\/139860"}],"wp:attachment":[{"href":"https:\/\/www.extraderondonia.com.br\/sistema\/wp-json\/wp\/v2\/media?parent=139859"}],"wp:term":[{"taxonomy":"category","embeddable":true,"href":"https:\/\/www.extraderondonia.com.br\/sistema\/wp-json\/wp\/v2\/categories?post=139859"},{"taxonomy":"post_tag","embeddable":true,"href":"https:\/\/www.extraderondonia.com.br\/sistema\/wp-json\/wp\/v2\/tags?post=139859"}],"curies":[{"name":"wp","href":"https:\/\/api.w.org\/{rel}","templated":true}]}}