{"id":139862,"date":"2016-08-17T16:36:52","date_gmt":"2016-08-17T20:36:52","guid":{"rendered":"http:\/\/www.extraderondonia.com.br\/?p=139862"},"modified":"2016-08-17T16:36:52","modified_gmt":"2016-08-17T20:36:52","slug":"expedito-neto-comenta-situacao-politica-e-fala-do-avanco-do-psd-em-ro","status":"publish","type":"post","link":"https:\/\/www.extraderondonia.com.br\/sistema\/2016\/08\/17\/expedito-neto-comenta-situacao-politica-e-fala-do-avanco-do-psd-em-ro\/","title":{"rendered":"Expedito Neto comenta situa\u00e7\u00e3o pol\u00edtica e fala do avan\u00e7o do PSD em RO"},"content":{"rendered":"<figure id=\"attachment_139863\" aria-describedby=\"caption-attachment-139863\" style=\"width: 300px\" class=\"wp-caption alignright\"><a href=\"http:\/\/www.extraderondonia.com.br\/sistema\/wp-content\/uploads\/2016\/08\/neto-1.jpg\" rel=\"attachment wp-att-139863\"><img loading=\"lazy\" decoding=\"async\" class=\"size-medium wp-image-139863\" src=\"http:\/\/www.extraderondonia.com.br\/sistema\/wp-content\/uploads\/2016\/08\/neto-1-300x192.jpg\" alt=\"Na reda\u00e7\u00e3o do Extra de Rond\u00f4nia, deputado esteve acompanhado do vereador Junior Donadon\" width=\"300\" height=\"192\" srcset=\"https:\/\/www.extraderondonia.com.br\/sistema\/wp-content\/uploads\/2016\/08\/neto-1-300x192.jpg 300w, https:\/\/www.extraderondonia.com.br\/sistema\/wp-content\/uploads\/2016\/08\/neto-1-696x445.jpg 696w, https:\/\/www.extraderondonia.com.br\/sistema\/wp-content\/uploads\/2016\/08\/neto-1-1068x682.jpg 1068w, https:\/\/www.extraderondonia.com.br\/sistema\/wp-content\/uploads\/2016\/08\/neto-1-657x420.jpg 657w, https:\/\/www.extraderondonia.com.br\/sistema\/wp-content\/uploads\/2016\/08\/neto-1-768x491.jpg 768w, https:\/\/www.extraderondonia.com.br\/sistema\/wp-content\/uploads\/2016\/08\/neto-1-600x383.jpg 600w, https:\/\/www.extraderondonia.com.br\/sistema\/wp-content\/uploads\/2016\/08\/neto-1.jpg 1127w\" sizes=\"auto, (max-width: 300px) 100vw, 300px\" \/><\/a><figcaption id=\"caption-attachment-139863\" class=\"wp-caption-text\">Na reda\u00e7\u00e3o do Extra de Rond\u00f4nia, deputado esteve acompanhado do vereador Junior Donadon<\/figcaption><\/figure>\n<p>Em passagem pelo Cone Sul nesta semana, o deputado federal esteve na reda\u00e7\u00e3o do <strong><em>Extra de Rond\u00f4ni<\/em><\/strong>a, ocasi\u00e3o em que falou sobre v\u00e1rios assuntos referentes ao momento pol\u00edtico atual.<\/p>\n<p>Expedito Neto (PSD) veio a regi\u00e3o para prestigiar o lan\u00e7amento das candidaturas de seus correligion\u00e1rios nas cidades sulistas, sendo que em Vilhena cumpriu agenda acompanhado pelo presidente da C\u00e2mara de Vereadores e candidato a reelei\u00e7\u00e3o Junior Donadon.<\/p>\n<p>O parlamentar federal discorreu sobre a situa\u00e7\u00e3o nacional, considerando que o Brasil vive um momento de incerteza em virtude dos problemas enfrentados pela presidente afastada Dilma Rousseff (PT) e da interinidade do presidente em exerc\u00edcio Michel Temer (PMDB). \u201cEntre as quest\u00f5es relativas aos dois h\u00e1 um pa\u00eds inteiro vivendo uma aguda crise financeira, por isso o Congresso Nacional precisa ter responsabilidade, cautela e muito bom senso\u201d, declarou. Comparando os dois presidentes, Expedito considera Temer \u201cmenos pior\u201d.<\/p>\n<p>O deputado rondoniense acredita que a deposi\u00e7\u00e3o de Dilma \u00e9 irrevers\u00edvel, e espera que a quest\u00e3o seja definida o quanto antes, \u201cpara que o presidente no cargo possa realmente implementar suas metas de governo\u201d. A perspectiva de encaminhamento de medidas consideradas impopulares, \u201cpor\u00e9m necess\u00e1rias para conter a crise\u201d, em pleno per\u00edodo eleitoral ser\u00e1 o desafio dos parlamentares federais, no entanto Neto n\u00e3o v\u00ea possibilidade de interfer\u00eancia no posicionamento dos integrantes do Legislativo. \u201cTenho convic\u00e7\u00e3o que os deputados e senadores est\u00e3o cientes que \u00e9 preciso cortar na carne para reverter o quadro atual\u201d.<\/p>\n<p>A respeito do ex-presidente da C\u00e2mara dos Deputados, Eduardo Cunha (PMDB), que deve ser julgado em breve no processo de cassa\u00e7\u00e3o do mandato, Expedito confirmou que votar\u00e1 pela exclus\u00e3o dele da legislatura. \u201cDeclarei isso quando votei pelo afastamento de Dilma, e na Comiss\u00e3o de \u00c9tica mantive o mesmo posicionamento. N\u00e3o foi apresentado nenhum argumento que possa me motivar a mudar agora\u201d, garantiu.<\/p>\n<p>Sobre o PSD, legenda que comanda em Rond\u00f4nia, o deputado est\u00e1 otimista e acredita que a legenda ter\u00e1 avan\u00e7os significativos nas elei\u00e7\u00f5es municipais. \u201cTemos poucos candidatos majorit\u00e1rios, por\u00e9m de qualidade \u00edmpar, e para as disputas as vagas no Legislativo o partido conta com muitos concorrentes de peso, e deve eleger representantes em v\u00e1rios munic\u00edpios\u201d, declarou. No munic\u00edpio ele destacou a lideran\u00e7a exercida pelo vereador Junior Donadon, \u201cque \u00e9 uma grande lideran\u00e7a local e um pol\u00edtico em plena ascens\u00e3o\u201d.<\/p>\n<p>Expedito Neto encerrou a entrevista informando que liberou duas emendas para Vilhena, sendo uma no valor de R$ 500 mil para constru\u00e7\u00e3o de Unidade B\u00e1sica de Sa\u00fade no Bairro Marcos Freire; e a outra de R$ 200 mil para aquisi\u00e7\u00e3o de \u00f4nibus para a Associa\u00e7\u00e3o da Terceira Idade. \u201cNo caso da segunda, trata-se de iniciativa do ex-deputado Moreira Mendes, a qual conseguimos concretizar\u201d, acrescentou.<\/p>\n<p>&nbsp;<\/p>\n<p>Fonte: Extra de Rond\u00f4nia<\/p>\n<p>Foto: Extra de Rond\u00f4nia<\/p>\n","protected":false},"excerpt":{"rendered":"<p>Em passagem pelo Cone Sul nesta semana, o deputado federal esteve na reda\u00e7\u00e3o do Extra de Rond\u00f4nia, ocasi\u00e3o em que falou sobre v\u00e1rios assuntos referentes ao momento pol\u00edtico atual. Expedito Neto (PSD) veio a regi\u00e3o para prestigiar o lan\u00e7amento das candidaturas de seus correligion\u00e1rios nas cidades sulistas, sendo que em Vilhena cumpriu agenda acompanhado pelo [&hellip;]<\/p>\n","protected":false},"author":3,"featured_media":139863,"comment_status":"closed","ping_status":"closed","sticky":false,"template":"","format":"standard","meta":{"footnotes":""},"categories":[1],"tags":[],"class_list":["post-139862","post","type-post","status-publish","format-standard","has-post-thumbnail","hentry","category-geral"],"_links":{"self":[{"href":"https:\/\/www.extraderondonia.com.br\/sistema\/wp-json\/wp\/v2\/posts\/139862","targetHints":{"allow":["GET"]}}],"collection":[{"href":"https:\/\/www.extraderondonia.com.br\/sistema\/wp-json\/wp\/v2\/posts"}],"about":[{"href":"https:\/\/www.extraderondonia.com.br\/sistema\/wp-json\/wp\/v2\/types\/post"}],"author":[{"embeddable":true,"href":"https:\/\/www.extraderondonia.com.br\/sistema\/wp-json\/wp\/v2\/users\/3"}],"replies":[{"embeddable":true,"href":"https:\/\/www.extraderondonia.com.br\/sistema\/wp-json\/wp\/v2\/comments?post=139862"}],"version-history":[{"count":0,"href":"https:\/\/www.extraderondonia.com.br\/sistema\/wp-json\/wp\/v2\/posts\/139862\/revisions"}],"wp:featuredmedia":[{"embeddable":true,"href":"https:\/\/www.extraderondonia.com.br\/sistema\/wp-json\/wp\/v2\/media\/139863"}],"wp:attachment":[{"href":"https:\/\/www.extraderondonia.com.br\/sistema\/wp-json\/wp\/v2\/media?parent=139862"}],"wp:term":[{"taxonomy":"category","embeddable":true,"href":"https:\/\/www.extraderondonia.com.br\/sistema\/wp-json\/wp\/v2\/categories?post=139862"},{"taxonomy":"post_tag","embeddable":true,"href":"https:\/\/www.extraderondonia.com.br\/sistema\/wp-json\/wp\/v2\/tags?post=139862"}],"curies":[{"name":"wp","href":"https:\/\/api.w.org\/{rel}","templated":true}]}}