{"id":139878,"date":"2016-08-17T17:43:04","date_gmt":"2016-08-17T21:43:04","guid":{"rendered":"http:\/\/www.extraderondonia.com.br\/?p=139878"},"modified":"2016-08-18T15:45:10","modified_gmt":"2016-08-18T19:45:10","slug":"pais-denunciam-atendimento-precario-no-hr-diretor-explica","status":"publish","type":"post","link":"https:\/\/www.extraderondonia.com.br\/sistema\/2016\/08\/17\/pais-denunciam-atendimento-precario-no-hr-diretor-explica\/","title":{"rendered":"Pais denunciam atendimento prec\u00e1rio no HR; diretor explica"},"content":{"rendered":"<p>&nbsp;<\/p>\n<p><img loading=\"lazy\" decoding=\"async\" class=\"alignright size-medium wp-image-139879\" src=\"http:\/\/www.extraderondonia.com.br\/sistema\/wp-content\/uploads\/2016\/08\/pais-300x201.jpg\" alt=\"pais\" width=\"300\" height=\"201\" srcset=\"https:\/\/www.extraderondonia.com.br\/sistema\/wp-content\/uploads\/2016\/08\/pais-300x201.jpg 300w, https:\/\/www.extraderondonia.com.br\/sistema\/wp-content\/uploads\/2016\/08\/pais-628x420.jpg 628w, https:\/\/www.extraderondonia.com.br\/sistema\/wp-content\/uploads\/2016\/08\/pais-600x402.jpg 600w, https:\/\/www.extraderondonia.com.br\/sistema\/wp-content\/uploads\/2016\/08\/pais.jpg 632w\" sizes=\"auto, (max-width: 300px) 100vw, 300px\" \/>Os pais do jovem Samuel Rodrigues, de 18 anos, que est\u00e1 internado no Hospital Regional (HR) de Vilhena entraram em contato com a reda\u00e7\u00e3o do <em><strong>Extra de Rond\u00f4nia<\/strong><\/em> para denunciar o atendimento prec\u00e1rio oferecido para o filho.<\/p>\n<p>A m\u00e3e do jovem, Vanilda Rodrigues, disse que o filho est\u00e1 internado no HR desde o dia 31 de julho quando sofreu um grave acidente de tr\u00e2nsito e fraturou o f\u00eamur.<\/p>\n<p>\u201cEle ficou 13 dias na UTI e agora est\u00e1 internado em um leito comum, mas precisa urgente fazer uma cirurgia em Cacoal, pois em Vilhena o procedimento n\u00e3o \u00e9 feito, infelizmente at\u00e9 o momento n\u00e3o transferiram meu filho que est\u00e1 sofrendo com o descaso no atendimento no HR\u201d, falou a m\u00e3e.<\/p>\n<p>Vanilda disse que o filho j\u00e1 tem o encaminhamento do ortopedista e do neurologista para realizar a cirurgia. \u201cEstamos preocupados com a situa\u00e7\u00e3o, pois, meu filho est\u00e1 se alimentando atrav\u00e9s de sonda, com a perna quebrada e precisa fazer a cirurgia rapidamente\u201d, ressalta Vanilda.<\/p>\n<p>J\u00e1 o diretor do HR Fai\u00e7al Ibrahim Akkari disse o rapaz ainda n\u00e3o foi transferido, pois o Governo do Estado n\u00e3o disponibilizou a vaga em Cacoal.<\/p>\n<p>De acordo com o diretor do HR, a fila de espera para uma vaga no hospital de Cacoal \u00e9 grande, e Samuel \u00e9 o vig\u00e9simo terceiro dessa fila espera.<\/p>\n<p>\u201cO rapaz est\u00e1 recebendo tratamento no HR, estamos fazendo tudo que podemos, ele j\u00e1 passou por um procedimento cir\u00fargico para imobilizar a perna e temos que aguardar a vaga ser disponibilizada\u201d, informou Fai\u00e7al.<\/p>\n<p>Texto: Extra de Rond\u00f4nia<\/p>\n<p>Foto: Extra de Rond\u00f4nia<\/p>\n<p>&nbsp;<\/p>\n<p>&nbsp;<\/p>\n","protected":false},"excerpt":{"rendered":"<p>&nbsp; Os pais do jovem Samuel Rodrigues, de 18 anos, que est\u00e1 internado no Hospital Regional (HR) de Vilhena entraram em contato com a reda\u00e7\u00e3o do Extra de Rond\u00f4nia para denunciar o atendimento prec\u00e1rio oferecido para o filho. A m\u00e3e do jovem, Vanilda Rodrigues, disse que o filho est\u00e1 internado no HR desde o dia [&hellip;]<\/p>\n","protected":false},"author":2,"featured_media":139879,"comment_status":"closed","ping_status":"closed","sticky":false,"template":"","format":"standard","meta":{"footnotes":""},"categories":[1],"tags":[],"class_list":["post-139878","post","type-post","status-publish","format-standard","has-post-thumbnail","hentry","category-geral"],"_links":{"self":[{"href":"https:\/\/www.extraderondonia.com.br\/sistema\/wp-json\/wp\/v2\/posts\/139878","targetHints":{"allow":["GET"]}}],"collection":[{"href":"https:\/\/www.extraderondonia.com.br\/sistema\/wp-json\/wp\/v2\/posts"}],"about":[{"href":"https:\/\/www.extraderondonia.com.br\/sistema\/wp-json\/wp\/v2\/types\/post"}],"author":[{"embeddable":true,"href":"https:\/\/www.extraderondonia.com.br\/sistema\/wp-json\/wp\/v2\/users\/2"}],"replies":[{"embeddable":true,"href":"https:\/\/www.extraderondonia.com.br\/sistema\/wp-json\/wp\/v2\/comments?post=139878"}],"version-history":[{"count":0,"href":"https:\/\/www.extraderondonia.com.br\/sistema\/wp-json\/wp\/v2\/posts\/139878\/revisions"}],"wp:featuredmedia":[{"embeddable":true,"href":"https:\/\/www.extraderondonia.com.br\/sistema\/wp-json\/wp\/v2\/media\/139879"}],"wp:attachment":[{"href":"https:\/\/www.extraderondonia.com.br\/sistema\/wp-json\/wp\/v2\/media?parent=139878"}],"wp:term":[{"taxonomy":"category","embeddable":true,"href":"https:\/\/www.extraderondonia.com.br\/sistema\/wp-json\/wp\/v2\/categories?post=139878"},{"taxonomy":"post_tag","embeddable":true,"href":"https:\/\/www.extraderondonia.com.br\/sistema\/wp-json\/wp\/v2\/tags?post=139878"}],"curies":[{"name":"wp","href":"https:\/\/api.w.org\/{rel}","templated":true}]}}