{"id":139882,"date":"2016-08-18T09:47:40","date_gmt":"2016-08-18T13:47:40","guid":{"rendered":"http:\/\/www.extraderondonia.com.br\/?p=139882"},"modified":"2016-08-18T20:03:47","modified_gmt":"2016-08-19T00:03:47","slug":"carreteiros-de-cacoal-e-cerejeiras-se-envolvem-em-acidente-no-mt","status":"publish","type":"post","link":"https:\/\/www.extraderondonia.com.br\/sistema\/2016\/08\/18\/carreteiros-de-cacoal-e-cerejeiras-se-envolvem-em-acidente-no-mt\/","title":{"rendered":"Carreteiros de Rond\u00f4nia se envolvem em acidente no MT"},"content":{"rendered":"<p>&nbsp;<\/p>\n<p><img loading=\"lazy\" decoding=\"async\" class=\"alignright size-medium wp-image-139883\" src=\"http:\/\/www.extraderondonia.com.br\/sistema\/wp-content\/uploads\/2016\/08\/acidente-jaciara-3-300x169.jpg\" alt=\"acidente jaciara 3\" width=\"300\" height=\"169\" srcset=\"https:\/\/www.extraderondonia.com.br\/sistema\/wp-content\/uploads\/2016\/08\/acidente-jaciara-3-300x169.jpg 300w, https:\/\/www.extraderondonia.com.br\/sistema\/wp-content\/uploads\/2016\/08\/acidente-jaciara-3-600x338.jpg 600w, https:\/\/www.extraderondonia.com.br\/sistema\/wp-content\/uploads\/2016\/08\/acidente-jaciara-3-140x80.jpg 140w, https:\/\/www.extraderondonia.com.br\/sistema\/wp-content\/uploads\/2016\/08\/acidente-jaciara-3.jpg 640w\" sizes=\"auto, (max-width: 300px) 100vw, 300px\" \/>Na manh\u00e3 desta ter\u00e7a-feira, 17, dois carreteiros de Rond\u00f4nia, sendo um da cidade de Cacoal e outro do munic\u00edpio de Cerejeiras, se envolveram em acidente na BR-163, no Estado do Mato Grasso, pr\u00f3ximo a Jaciara.<\/p>\n<p>Apesar do forte impacto, os motoristas que n\u00e3o tiveram os nomes divulgados sofreram ferimentos leves e foram socorridos ao hospital da regi\u00e3o.<\/p>\n<p>Texto: Extra de Rond\u00f4nia<\/p>\n<p>Foto: Naestradaro<\/p>\n<p>&nbsp;<\/p>\n<p>&nbsp;<\/p>\n","protected":false},"excerpt":{"rendered":"<p>&nbsp; Na manh\u00e3 desta ter\u00e7a-feira, 17, dois carreteiros de Rond\u00f4nia, sendo um da cidade de Cacoal e outro do munic\u00edpio de Cerejeiras, se envolveram em acidente na BR-163, no Estado do Mato Grasso, pr\u00f3ximo a Jaciara. Apesar do forte impacto, os motoristas que n\u00e3o tiveram os nomes divulgados sofreram ferimentos leves e foram socorridos ao [&hellip;]<\/p>\n","protected":false},"author":4,"featured_media":139883,"comment_status":"closed","ping_status":"closed","sticky":false,"template":"","format":"standard","meta":{"footnotes":""},"categories":[3],"tags":[],"class_list":["post-139882","post","type-post","status-publish","format-standard","has-post-thumbnail","hentry","category-policial"],"_links":{"self":[{"href":"https:\/\/www.extraderondonia.com.br\/sistema\/wp-json\/wp\/v2\/posts\/139882","targetHints":{"allow":["GET"]}}],"collection":[{"href":"https:\/\/www.extraderondonia.com.br\/sistema\/wp-json\/wp\/v2\/posts"}],"about":[{"href":"https:\/\/www.extraderondonia.com.br\/sistema\/wp-json\/wp\/v2\/types\/post"}],"author":[{"embeddable":true,"href":"https:\/\/www.extraderondonia.com.br\/sistema\/wp-json\/wp\/v2\/users\/4"}],"replies":[{"embeddable":true,"href":"https:\/\/www.extraderondonia.com.br\/sistema\/wp-json\/wp\/v2\/comments?post=139882"}],"version-history":[{"count":0,"href":"https:\/\/www.extraderondonia.com.br\/sistema\/wp-json\/wp\/v2\/posts\/139882\/revisions"}],"wp:featuredmedia":[{"embeddable":true,"href":"https:\/\/www.extraderondonia.com.br\/sistema\/wp-json\/wp\/v2\/media\/139883"}],"wp:attachment":[{"href":"https:\/\/www.extraderondonia.com.br\/sistema\/wp-json\/wp\/v2\/media?parent=139882"}],"wp:term":[{"taxonomy":"category","embeddable":true,"href":"https:\/\/www.extraderondonia.com.br\/sistema\/wp-json\/wp\/v2\/categories?post=139882"},{"taxonomy":"post_tag","embeddable":true,"href":"https:\/\/www.extraderondonia.com.br\/sistema\/wp-json\/wp\/v2\/tags?post=139882"}],"curies":[{"name":"wp","href":"https:\/\/api.w.org\/{rel}","templated":true}]}}