{"id":139887,"date":"2016-08-18T10:02:47","date_gmt":"2016-08-18T14:02:47","guid":{"rendered":"http:\/\/www.extraderondonia.com.br\/?p=139887"},"modified":"2016-08-18T10:02:47","modified_gmt":"2016-08-18T14:02:47","slug":"apae-de-vilhena-celebra-semana-das-pessoas-excepcionais-com-atividades","status":"publish","type":"post","link":"https:\/\/www.extraderondonia.com.br\/sistema\/2016\/08\/18\/apae-de-vilhena-celebra-semana-das-pessoas-excepcionais-com-atividades\/","title":{"rendered":"APAE de Vilhena celebra semana das pessoas excepcionais com atividades"},"content":{"rendered":"<p>&nbsp;<\/p>\n<p><img loading=\"lazy\" decoding=\"async\" class=\"alignright size-medium wp-image-139888\" src=\"http:\/\/www.extraderondonia.com.br\/sistema\/wp-content\/uploads\/2016\/08\/menina-300x206.jpg\" alt=\"menina\" width=\"300\" height=\"206\" srcset=\"https:\/\/www.extraderondonia.com.br\/sistema\/wp-content\/uploads\/2016\/08\/menina-300x206.jpg 300w, https:\/\/www.extraderondonia.com.br\/sistema\/wp-content\/uploads\/2016\/08\/menina-100x70.jpg 100w, https:\/\/www.extraderondonia.com.br\/sistema\/wp-content\/uploads\/2016\/08\/menina-218x150.jpg 218w, https:\/\/www.extraderondonia.com.br\/sistema\/wp-content\/uploads\/2016\/08\/menina.jpg 448w\" sizes=\"auto, (max-width: 300px) 100vw, 300px\" \/>Associa\u00e7\u00e3o de Pais e Amigos dos Excepcionais de Vilhena (APAE) vai comemorar na pr\u00f3xima semana entre os dias 21 e 28 a Semana Nacional da Pessoa com Defici\u00eancia Intelectual e M\u00faltipla.<\/p>\n<p>A celebra\u00e7\u00e3o contar\u00e1 com v\u00e1rias atividades reflexivas sobre a \u201cConscientiza\u00e7\u00e3o das Diferen\u00e7as\u201d.\u00a0 A a\u00e7\u00e3o \u00e9 uma iniciativa conjunta da APAE local com a Federa\u00e7\u00e3o Nacional das APAEs.<\/p>\n<p>O diretor da APAE, Aimore Ferreira Barros, destacou a relev\u00e2ncia da data que tema geral \u201cO futuro se faz com a conscientiza\u00e7\u00e3o das diferen\u00e7as\u201d.<\/p>\n<p>\u201cA semana \u00e9 relevante para a defesa dos direitos de viver com dignidade e merece o protagonismo das pessoas com defici\u00eancia, da fam\u00edlia, de profissionais e da sociedade\u201d, explicou Aimore.<\/p>\n<p>Texto: Extra de Rond\u00f4nia<\/p>\n<p>Foto: Ilustrativa<\/p>\n","protected":false},"excerpt":{"rendered":"<p>&nbsp; Associa\u00e7\u00e3o de Pais e Amigos dos Excepcionais de Vilhena (APAE) vai comemorar na pr\u00f3xima semana entre os dias 21 e 28 a Semana Nacional da Pessoa com Defici\u00eancia Intelectual e M\u00faltipla. A celebra\u00e7\u00e3o contar\u00e1 com v\u00e1rias atividades reflexivas sobre a \u201cConscientiza\u00e7\u00e3o das Diferen\u00e7as\u201d.\u00a0 A a\u00e7\u00e3o \u00e9 uma iniciativa conjunta da APAE local com a [&hellip;]<\/p>\n","protected":false},"author":2,"featured_media":139888,"comment_status":"closed","ping_status":"closed","sticky":false,"template":"","format":"standard","meta":{"footnotes":""},"categories":[1],"tags":[],"class_list":["post-139887","post","type-post","status-publish","format-standard","has-post-thumbnail","hentry","category-geral"],"_links":{"self":[{"href":"https:\/\/www.extraderondonia.com.br\/sistema\/wp-json\/wp\/v2\/posts\/139887","targetHints":{"allow":["GET"]}}],"collection":[{"href":"https:\/\/www.extraderondonia.com.br\/sistema\/wp-json\/wp\/v2\/posts"}],"about":[{"href":"https:\/\/www.extraderondonia.com.br\/sistema\/wp-json\/wp\/v2\/types\/post"}],"author":[{"embeddable":true,"href":"https:\/\/www.extraderondonia.com.br\/sistema\/wp-json\/wp\/v2\/users\/2"}],"replies":[{"embeddable":true,"href":"https:\/\/www.extraderondonia.com.br\/sistema\/wp-json\/wp\/v2\/comments?post=139887"}],"version-history":[{"count":0,"href":"https:\/\/www.extraderondonia.com.br\/sistema\/wp-json\/wp\/v2\/posts\/139887\/revisions"}],"wp:featuredmedia":[{"embeddable":true,"href":"https:\/\/www.extraderondonia.com.br\/sistema\/wp-json\/wp\/v2\/media\/139888"}],"wp:attachment":[{"href":"https:\/\/www.extraderondonia.com.br\/sistema\/wp-json\/wp\/v2\/media?parent=139887"}],"wp:term":[{"taxonomy":"category","embeddable":true,"href":"https:\/\/www.extraderondonia.com.br\/sistema\/wp-json\/wp\/v2\/categories?post=139887"},{"taxonomy":"post_tag","embeddable":true,"href":"https:\/\/www.extraderondonia.com.br\/sistema\/wp-json\/wp\/v2\/tags?post=139887"}],"curies":[{"name":"wp","href":"https:\/\/api.w.org\/{rel}","templated":true}]}}