{"id":139890,"date":"2016-08-18T10:12:44","date_gmt":"2016-08-18T14:12:44","guid":{"rendered":"http:\/\/www.extraderondonia.com.br\/?p=139890"},"modified":"2016-08-18T11:59:35","modified_gmt":"2016-08-18T15:59:35","slug":"camara-de-vilhena-nao-discute-aumento-salarial-de-ocupantes-de-cargos-eletivos-municipais","status":"publish","type":"post","link":"https:\/\/www.extraderondonia.com.br\/sistema\/2016\/08\/18\/camara-de-vilhena-nao-discute-aumento-salarial-de-ocupantes-de-cargos-eletivos-municipais\/","title":{"rendered":"C\u00e2mara de Vilhena n\u00e3o discute aumento salarial de ocupantes de cargos eletivos municipais"},"content":{"rendered":"<p><a href=\"http:\/\/www.extraderondonia.com.br\/sistema\/wp-content\/uploads\/2016\/08\/sessao-hoje.jpg\" rel=\"attachment wp-att-139891\"><img loading=\"lazy\" decoding=\"async\" class=\"alignleft size-medium wp-image-139891\" src=\"http:\/\/www.extraderondonia.com.br\/sistema\/wp-content\/uploads\/2016\/08\/sessao-hoje-300x187.jpg\" alt=\"sessao hoje\" width=\"300\" height=\"187\" srcset=\"https:\/\/www.extraderondonia.com.br\/sistema\/wp-content\/uploads\/2016\/08\/sessao-hoje-300x187.jpg 300w, https:\/\/www.extraderondonia.com.br\/sistema\/wp-content\/uploads\/2016\/08\/sessao-hoje-696x434.jpg 696w, https:\/\/www.extraderondonia.com.br\/sistema\/wp-content\/uploads\/2016\/08\/sessao-hoje-674x420.jpg 674w, https:\/\/www.extraderondonia.com.br\/sistema\/wp-content\/uploads\/2016\/08\/sessao-hoje-768x478.jpg 768w, https:\/\/www.extraderondonia.com.br\/sistema\/wp-content\/uploads\/2016\/08\/sessao-hoje-600x374.jpg 600w, https:\/\/www.extraderondonia.com.br\/sistema\/wp-content\/uploads\/2016\/08\/sessao-hoje.jpg 1000w\" sizes=\"auto, (max-width: 300px) 100vw, 300px\" \/><\/a>Ao contr\u00e1rio da expectativa criada nesta quarta-feira, 16, nas redes sociais, os vereadores vilhenenses n\u00e3o debateram em plen\u00e1rio na sess\u00e3o extraordin\u00e1ria realizada nesta manh\u00e3 a possibilidade de eleva\u00e7\u00e3o do subs\u00eddio deles pr\u00f3prios, al\u00e9m do prefeito e vice-prefeito.<\/p>\n<p>A mat\u00e9ria em quest\u00e3o sequer entrou em pauta, e nem deve mais ser assunto de discuss\u00f5es este ano, mantendo para o pr\u00f3ximo mandato os sal\u00e1rios atuais.<\/p>\n<p>N\u00e3o se sabe ao certo como o tema chegou ao conhecimento das comunidades virtuais, mas o fato \u00e9 que a not\u00edcia de que estava sendo cogitada a eleva\u00e7\u00e3o dos vencimentos das autoridades \u201cbombou\u201d na web nas \u00faltimas horas.<\/p>\n<p>Muitas pessoas manifestaram sua indigna\u00e7\u00e3o acerca do fato, mas na verdade pouca gente esteve na C\u00e2mara de Vereadores nesta quinta-feira para acompanhar a reuni\u00e3o dos parlamentares. Entretanto cinco candidatos ao Legislativo que eram contr\u00e1rios a mat\u00e9ria marcaram presen\u00e7a na Casa de Leis.<\/p>\n<p>De acordo com o presidente do Poder, vereador Junior Donadon, o quest\u00e3o foi discutida nos bastidores por mero protocolo. \u201cO assunto foi levantado em virtude de prazos legais, uma vez que tal pauta s\u00f3 poderia ser eventualmente aprovada neste momento para entrar em vigor, pois s\u00f3 seria poss\u00edvel aumentar os subs\u00eddios de ocupantes de cargos eletivos at\u00e9 um m\u00eas antes das elei\u00e7\u00f5es\u201d, explicou.<\/p>\n<p>Na sequ\u00eancia, ele detalhou que \u201c\u00e9 importante frisar que, caso tivesse sido discutido e aprovado tal projeto, os novos valores s\u00f3 valeriam para o pr\u00f3ximo mandato. Mas em comum acordo os vereadores concordaram em n\u00e3o incluir o tema na pauta da sess\u00e3o de hoje ent\u00e3o n\u00e3o h\u00e1 possibilidade deste assunto tramitar na Casa nesta legislatura, portanto o caso est\u00e1 encerrado\u201d, disse Donadon aos jornalistas que acompanharam a sess\u00e3o.<\/p>\n<p>&nbsp;<\/p>\n<p>Fonte: Extra de Rond\u00f4nia<\/p>\n<p>Foto: Extra de Rond\u00f4nia<\/p>\n","protected":false},"excerpt":{"rendered":"<p>Ao contr\u00e1rio da expectativa criada nesta quarta-feira, 16, nas redes sociais, os vereadores vilhenenses n\u00e3o debateram em plen\u00e1rio na sess\u00e3o extraordin\u00e1ria realizada nesta manh\u00e3 a possibilidade de eleva\u00e7\u00e3o do subs\u00eddio deles pr\u00f3prios, al\u00e9m do prefeito e vice-prefeito. A mat\u00e9ria em quest\u00e3o sequer entrou em pauta, e nem deve mais ser assunto de discuss\u00f5es este ano, [&hellip;]<\/p>\n","protected":false},"author":3,"featured_media":139891,"comment_status":"closed","ping_status":"closed","sticky":false,"template":"","format":"standard","meta":{"footnotes":""},"categories":[2],"tags":[],"class_list":["post-139890","post","type-post","status-publish","format-standard","has-post-thumbnail","hentry","category-politica"],"_links":{"self":[{"href":"https:\/\/www.extraderondonia.com.br\/sistema\/wp-json\/wp\/v2\/posts\/139890","targetHints":{"allow":["GET"]}}],"collection":[{"href":"https:\/\/www.extraderondonia.com.br\/sistema\/wp-json\/wp\/v2\/posts"}],"about":[{"href":"https:\/\/www.extraderondonia.com.br\/sistema\/wp-json\/wp\/v2\/types\/post"}],"author":[{"embeddable":true,"href":"https:\/\/www.extraderondonia.com.br\/sistema\/wp-json\/wp\/v2\/users\/3"}],"replies":[{"embeddable":true,"href":"https:\/\/www.extraderondonia.com.br\/sistema\/wp-json\/wp\/v2\/comments?post=139890"}],"version-history":[{"count":0,"href":"https:\/\/www.extraderondonia.com.br\/sistema\/wp-json\/wp\/v2\/posts\/139890\/revisions"}],"wp:featuredmedia":[{"embeddable":true,"href":"https:\/\/www.extraderondonia.com.br\/sistema\/wp-json\/wp\/v2\/media\/139891"}],"wp:attachment":[{"href":"https:\/\/www.extraderondonia.com.br\/sistema\/wp-json\/wp\/v2\/media?parent=139890"}],"wp:term":[{"taxonomy":"category","embeddable":true,"href":"https:\/\/www.extraderondonia.com.br\/sistema\/wp-json\/wp\/v2\/categories?post=139890"},{"taxonomy":"post_tag","embeddable":true,"href":"https:\/\/www.extraderondonia.com.br\/sistema\/wp-json\/wp\/v2\/tags?post=139890"}],"curies":[{"name":"wp","href":"https:\/\/api.w.org\/{rel}","templated":true}]}}