{"id":139904,"date":"2016-08-18T11:57:13","date_gmt":"2016-08-18T15:57:13","guid":{"rendered":"http:\/\/www.extraderondonia.com.br\/?p=139904"},"modified":"2016-08-19T08:21:17","modified_gmt":"2016-08-19T12:21:17","slug":"junior-donadon-garante-que-camara-nao-ira-votar-aumento-salarial-para-prefeito-e-vereadores","status":"publish","type":"post","link":"https:\/\/www.extraderondonia.com.br\/sistema\/2016\/08\/18\/junior-donadon-garante-que-camara-nao-ira-votar-aumento-salarial-para-prefeito-e-vereadores\/","title":{"rendered":"Junior Donadon garante que C\u00e2mara n\u00e3o ir\u00e1 votar aumento salarial para prefeito e vereadores"},"content":{"rendered":"<figure id=\"attachment_139905\" aria-describedby=\"caption-attachment-139905\" style=\"width: 300px\" class=\"wp-caption alignleft\"><a href=\"http:\/\/www.extraderondonia.com.br\/sistema\/wp-content\/uploads\/2016\/08\/junior-band-1.jpg\" rel=\"attachment wp-att-139905\"><img loading=\"lazy\" decoding=\"async\" class=\"size-medium wp-image-139905\" src=\"http:\/\/www.extraderondonia.com.br\/sistema\/wp-content\/uploads\/2016\/08\/junior-band-1-300x234.jpg\" alt=\"Presidente da C\u00e2mara de Vilhena, Junior Donadon\" width=\"300\" height=\"234\" srcset=\"https:\/\/www.extraderondonia.com.br\/sistema\/wp-content\/uploads\/2016\/08\/junior-band-1-300x234.jpg 300w, https:\/\/www.extraderondonia.com.br\/sistema\/wp-content\/uploads\/2016\/08\/junior-band-1-696x543.jpg 696w, https:\/\/www.extraderondonia.com.br\/sistema\/wp-content\/uploads\/2016\/08\/junior-band-1-538x420.jpg 538w, https:\/\/www.extraderondonia.com.br\/sistema\/wp-content\/uploads\/2016\/08\/junior-band-1-768x599.jpg 768w, https:\/\/www.extraderondonia.com.br\/sistema\/wp-content\/uploads\/2016\/08\/junior-band-1-600x468.jpg 600w, https:\/\/www.extraderondonia.com.br\/sistema\/wp-content\/uploads\/2016\/08\/junior-band-1.jpg 811w\" sizes=\"auto, (max-width: 300px) 100vw, 300px\" \/><\/a><figcaption id=\"caption-attachment-139905\" class=\"wp-caption-text\">Presidente da C\u00e2mara de Vilhena, Junior Donadon<\/figcaption><\/figure>\n<p>O projeto de Lei que estabelecia a corre\u00e7\u00e3o de subs\u00eddios de prefeito, vice e vereadores para a legislatura 2017 a 2020 n\u00e3o entrou em pauta na sess\u00e3o extraordin\u00e1ria desta quinta-feira, 18.<\/p>\n<p>Apesar de ser constitucional, o assunto n\u00e3o ser\u00e1 levado ao plen\u00e1rio, garantiu o presidente do parlamento, Junior Donadon (PSD).<\/p>\n<p>Ele informou que a C\u00e2mara n\u00e3o se reuniu para discutir essa pauta. \u201cO parlamento decidiu n\u00e3o incluir o assunto em pauta devido \u00e0 delicada situa\u00e7\u00e3o or\u00e7ament\u00e1ria e financeira que Vilhena atravessa. A C\u00e2mara n\u00e3o discutir\u00e1 mais o assunto. Com isto o caso est\u00e1 encerrado\u201d, frisou.<\/p>\n<p>Junior Donadon ressaltou que, caso tivesse sido discutido e aprovado tal projeto, os novos valores s\u00f3 valeriam para a legislatura 2017\/2020. \u201cDevido a prazos regimentais, n\u00e3o h\u00e1 mais possibilidade de tramitar na Casa de Leis nesta legislatura\u201d, ponderou.<\/p>\n<p>O presidente da C\u00e2mara foi enf\u00e1tico em suas declara\u00e7\u00f5es \u00e0 imprensa local ap\u00f3s a sess\u00e3o extraordin\u00e1ria.<\/p>\n<p>&nbsp;<\/p>\n<p>Texto e foto: Assessoria<\/p>\n","protected":false},"excerpt":{"rendered":"<p>O projeto de Lei que estabelecia a corre\u00e7\u00e3o de subs\u00eddios de prefeito, vice e vereadores para a legislatura 2017 a 2020 n\u00e3o entrou em pauta na sess\u00e3o extraordin\u00e1ria desta quinta-feira, 18. Apesar de ser constitucional, o assunto n\u00e3o ser\u00e1 levado ao plen\u00e1rio, garantiu o presidente do parlamento, Junior Donadon (PSD). Ele informou que a C\u00e2mara [&hellip;]<\/p>\n","protected":false},"author":3,"featured_media":139905,"comment_status":"closed","ping_status":"closed","sticky":false,"template":"","format":"standard","meta":{"footnotes":""},"categories":[2,12],"tags":[],"class_list":["post-139904","post","type-post","status-publish","format-standard","has-post-thumbnail","hentry","category-politica","category-sem-categoria"],"_links":{"self":[{"href":"https:\/\/www.extraderondonia.com.br\/sistema\/wp-json\/wp\/v2\/posts\/139904","targetHints":{"allow":["GET"]}}],"collection":[{"href":"https:\/\/www.extraderondonia.com.br\/sistema\/wp-json\/wp\/v2\/posts"}],"about":[{"href":"https:\/\/www.extraderondonia.com.br\/sistema\/wp-json\/wp\/v2\/types\/post"}],"author":[{"embeddable":true,"href":"https:\/\/www.extraderondonia.com.br\/sistema\/wp-json\/wp\/v2\/users\/3"}],"replies":[{"embeddable":true,"href":"https:\/\/www.extraderondonia.com.br\/sistema\/wp-json\/wp\/v2\/comments?post=139904"}],"version-history":[{"count":0,"href":"https:\/\/www.extraderondonia.com.br\/sistema\/wp-json\/wp\/v2\/posts\/139904\/revisions"}],"wp:featuredmedia":[{"embeddable":true,"href":"https:\/\/www.extraderondonia.com.br\/sistema\/wp-json\/wp\/v2\/media\/139905"}],"wp:attachment":[{"href":"https:\/\/www.extraderondonia.com.br\/sistema\/wp-json\/wp\/v2\/media?parent=139904"}],"wp:term":[{"taxonomy":"category","embeddable":true,"href":"https:\/\/www.extraderondonia.com.br\/sistema\/wp-json\/wp\/v2\/categories?post=139904"},{"taxonomy":"post_tag","embeddable":true,"href":"https:\/\/www.extraderondonia.com.br\/sistema\/wp-json\/wp\/v2\/tags?post=139904"}],"curies":[{"name":"wp","href":"https:\/\/api.w.org\/{rel}","templated":true}]}}