{"id":139910,"date":"2016-08-18T15:31:38","date_gmt":"2016-08-18T19:31:38","guid":{"rendered":"http:\/\/www.extraderondonia.com.br\/?p=139910"},"modified":"2016-08-22T10:48:51","modified_gmt":"2016-08-22T14:48:51","slug":"paroquia-nossa-senhora-das-gracas-promove-arraial-da-juventude","status":"publish","type":"post","link":"https:\/\/www.extraderondonia.com.br\/sistema\/2016\/08\/18\/paroquia-nossa-senhora-das-gracas-promove-arraial-da-juventude\/","title":{"rendered":"Paroquia Nossa Senhora das Gra\u00e7as promove \u201cArraial da Juventude\u201d"},"content":{"rendered":"<p>&nbsp;<\/p>\n<p><img loading=\"lazy\" decoding=\"async\" class=\"alignright size-medium wp-image-139911\" src=\"http:\/\/www.extraderondonia.com.br\/sistema\/wp-content\/uploads\/2016\/08\/14081387_1189092347801087_1619679818_n-300x199.jpg\" alt=\"14081387_1189092347801087_1619679818_n\" width=\"300\" height=\"199\" srcset=\"https:\/\/www.extraderondonia.com.br\/sistema\/wp-content\/uploads\/2016\/08\/14081387_1189092347801087_1619679818_n-300x199.jpg 300w, https:\/\/www.extraderondonia.com.br\/sistema\/wp-content\/uploads\/2016\/08\/14081387_1189092347801087_1619679818_n-632x420.jpg 632w, https:\/\/www.extraderondonia.com.br\/sistema\/wp-content\/uploads\/2016\/08\/14081387_1189092347801087_1619679818_n-600x398.jpg 600w, https:\/\/www.extraderondonia.com.br\/sistema\/wp-content\/uploads\/2016\/08\/14081387_1189092347801087_1619679818_n.jpg 640w\" sizes=\"auto, (max-width: 300px) 100vw, 300px\" \/>Neste s\u00e1bado, 20, ser\u00e1 realizado o arraial da juventude na paroquia Nossa Senhora das Gra\u00e7as em Vilhena.<\/p>\n<p>A festividade \u00e9 organizada pela Pastoral da Juventude e faz parte da programa\u00e7\u00e3o que encerra a Semana da Fam\u00edlia.<\/p>\n<p>Barracas com comidas t\u00edpicas, brincadeiras e quadrilha s\u00e3o algumas das atra\u00e7\u00f5es da noite.\u00a0 A festa come\u00e7a a partir das 19h tem missa, seguido do arraial com divers\u00e3o para toda a fam\u00edlia.<\/p>\n<p>O evento \u00e9 aberto ao p\u00fablico, e o dinheiro arrecadado ser\u00e1 destinado aos oito grupos de jovens que comp\u00f5em a Pastoral da Juventude.<\/p>\n<p><img loading=\"lazy\" decoding=\"async\" class=\"aligncenter size-large wp-image-139912\" src=\"http:\/\/www.extraderondonia.com.br\/sistema\/wp-content\/uploads\/2016\/08\/14045295_1189092374467751_1156354719_o-600x429.jpg\" alt=\"14045295_1189092374467751_1156354719_o\" width=\"600\" height=\"429\" srcset=\"https:\/\/www.extraderondonia.com.br\/sistema\/wp-content\/uploads\/2016\/08\/14045295_1189092374467751_1156354719_o-600x429.jpg 600w, https:\/\/www.extraderondonia.com.br\/sistema\/wp-content\/uploads\/2016\/08\/14045295_1189092374467751_1156354719_o-300x215.jpg 300w, https:\/\/www.extraderondonia.com.br\/sistema\/wp-content\/uploads\/2016\/08\/14045295_1189092374467751_1156354719_o-768x549.jpg 768w, https:\/\/www.extraderondonia.com.br\/sistema\/wp-content\/uploads\/2016\/08\/14045295_1189092374467751_1156354719_o.jpg 1200w\" sizes=\"auto, (max-width: 600px) 100vw, 600px\" \/><\/p>\n<p>Texto: Extra de Rond\u00f4nia<\/p>\n<p>Foto: Divulga\u00e7\u00e3o<\/p>\n","protected":false},"excerpt":{"rendered":"<p>&nbsp; Neste s\u00e1bado, 20, ser\u00e1 realizado o arraial da juventude na paroquia Nossa Senhora das Gra\u00e7as em Vilhena. A festividade \u00e9 organizada pela Pastoral da Juventude e faz parte da programa\u00e7\u00e3o que encerra a Semana da Fam\u00edlia. Barracas com comidas t\u00edpicas, brincadeiras e quadrilha s\u00e3o algumas das atra\u00e7\u00f5es da noite.\u00a0 A festa come\u00e7a a partir [&hellip;]<\/p>\n","protected":false},"author":2,"featured_media":139911,"comment_status":"closed","ping_status":"closed","sticky":false,"template":"","format":"standard","meta":{"footnotes":""},"categories":[12],"tags":[],"class_list":["post-139910","post","type-post","status-publish","format-standard","has-post-thumbnail","hentry","category-sem-categoria"],"_links":{"self":[{"href":"https:\/\/www.extraderondonia.com.br\/sistema\/wp-json\/wp\/v2\/posts\/139910","targetHints":{"allow":["GET"]}}],"collection":[{"href":"https:\/\/www.extraderondonia.com.br\/sistema\/wp-json\/wp\/v2\/posts"}],"about":[{"href":"https:\/\/www.extraderondonia.com.br\/sistema\/wp-json\/wp\/v2\/types\/post"}],"author":[{"embeddable":true,"href":"https:\/\/www.extraderondonia.com.br\/sistema\/wp-json\/wp\/v2\/users\/2"}],"replies":[{"embeddable":true,"href":"https:\/\/www.extraderondonia.com.br\/sistema\/wp-json\/wp\/v2\/comments?post=139910"}],"version-history":[{"count":0,"href":"https:\/\/www.extraderondonia.com.br\/sistema\/wp-json\/wp\/v2\/posts\/139910\/revisions"}],"wp:featuredmedia":[{"embeddable":true,"href":"https:\/\/www.extraderondonia.com.br\/sistema\/wp-json\/wp\/v2\/media\/139911"}],"wp:attachment":[{"href":"https:\/\/www.extraderondonia.com.br\/sistema\/wp-json\/wp\/v2\/media?parent=139910"}],"wp:term":[{"taxonomy":"category","embeddable":true,"href":"https:\/\/www.extraderondonia.com.br\/sistema\/wp-json\/wp\/v2\/categories?post=139910"},{"taxonomy":"post_tag","embeddable":true,"href":"https:\/\/www.extraderondonia.com.br\/sistema\/wp-json\/wp\/v2\/tags?post=139910"}],"curies":[{"name":"wp","href":"https:\/\/api.w.org\/{rel}","templated":true}]}}