{"id":139924,"date":"2016-08-18T15:58:52","date_gmt":"2016-08-18T19:58:52","guid":{"rendered":"http:\/\/www.extraderondonia.com.br\/?p=139924"},"modified":"2016-08-18T15:58:52","modified_gmt":"2016-08-18T19:58:52","slug":"semas-convoca-beneficiarios-e-marca-data-de-sorteio-de-300-casas-populares","status":"publish","type":"post","link":"https:\/\/www.extraderondonia.com.br\/sistema\/2016\/08\/18\/semas-convoca-beneficiarios-e-marca-data-de-sorteio-de-300-casas-populares\/","title":{"rendered":"Semas convoca benefici\u00e1rios e marca data de sorteio de 300 casas populares"},"content":{"rendered":"<p><a href=\"http:\/\/www.extraderondonia.com.br\/sistema\/wp-content\/uploads\/2016\/08\/CASAS-POPULARES1.jpg\" rel=\"attachment wp-att-139925\"><img loading=\"lazy\" decoding=\"async\" class=\"alignright size-medium wp-image-139925\" src=\"http:\/\/www.extraderondonia.com.br\/sistema\/wp-content\/uploads\/2016\/08\/CASAS-POPULARES1-300x218.jpg\" alt=\"CASAS-POPULARES1\" width=\"300\" height=\"218\" srcset=\"https:\/\/www.extraderondonia.com.br\/sistema\/wp-content\/uploads\/2016\/08\/CASAS-POPULARES1-300x218.jpg 300w, https:\/\/www.extraderondonia.com.br\/sistema\/wp-content\/uploads\/2016\/08\/CASAS-POPULARES1-324x235.jpg 324w, https:\/\/www.extraderondonia.com.br\/sistema\/wp-content\/uploads\/2016\/08\/CASAS-POPULARES1.jpg 479w\" sizes=\"auto, (max-width: 300px) 100vw, 300px\" \/><\/a>Representantes da Secretaria Municipal de A\u00e7\u00e3o Social (Semas) informaram ao <strong><em>Extra de Rond\u00f4nia<\/em><\/strong> sobre reuni\u00e3o que analisar\u00e1 o sorteio de mais 300 casas populares em Vilhena.<\/p>\n<p>Para isto, todos os inscritos ao projeto habitacional dever\u00e3o participar da reuni\u00e3o, que ocorrer\u00e1 \u00e0s 16h00 desta sexta-feira, 19, na sede da Semas.<\/p>\n<p>Na ocasi\u00e3o, ser\u00e3o\u00a0 repassadas informa\u00e7\u00f5es sobre o sorteio, previsto para \u00e0s 14h00 do da 26 de agosto, no Centro do Idoso.<\/p>\n<p>O secret\u00e1rio municipal de comunica\u00e7\u00e3o, Adenilson Magalh\u00e3es, explicou ao site que, com mais estas 300 moradias, a prefeitura de Vilhena j\u00e1 entregou mais 1.000 casas popular na gest\u00e3o do prefeito Z\u00e9 Rover.<\/p>\n<p>&nbsp;<\/p>\n<p>Texto: Extra de Rond\u00f4nia<\/p>\n<p>Foto: Divulga\u00e7\u00e3o<\/p>\n","protected":false},"excerpt":{"rendered":"<p>Representantes da Secretaria Municipal de A\u00e7\u00e3o Social (Semas) informaram ao Extra de Rond\u00f4nia sobre reuni\u00e3o que analisar\u00e1 o sorteio de mais 300 casas populares em Vilhena. Para isto, todos os inscritos ao projeto habitacional dever\u00e3o participar da reuni\u00e3o, que ocorrer\u00e1 \u00e0s 16h00 desta sexta-feira, 19, na sede da Semas. Na ocasi\u00e3o, ser\u00e3o\u00a0 repassadas informa\u00e7\u00f5es sobre [&hellip;]<\/p>\n","protected":false},"author":3,"featured_media":139925,"comment_status":"closed","ping_status":"closed","sticky":false,"template":"","format":"standard","meta":{"footnotes":""},"categories":[1],"tags":[],"class_list":["post-139924","post","type-post","status-publish","format-standard","has-post-thumbnail","hentry","category-geral"],"_links":{"self":[{"href":"https:\/\/www.extraderondonia.com.br\/sistema\/wp-json\/wp\/v2\/posts\/139924","targetHints":{"allow":["GET"]}}],"collection":[{"href":"https:\/\/www.extraderondonia.com.br\/sistema\/wp-json\/wp\/v2\/posts"}],"about":[{"href":"https:\/\/www.extraderondonia.com.br\/sistema\/wp-json\/wp\/v2\/types\/post"}],"author":[{"embeddable":true,"href":"https:\/\/www.extraderondonia.com.br\/sistema\/wp-json\/wp\/v2\/users\/3"}],"replies":[{"embeddable":true,"href":"https:\/\/www.extraderondonia.com.br\/sistema\/wp-json\/wp\/v2\/comments?post=139924"}],"version-history":[{"count":0,"href":"https:\/\/www.extraderondonia.com.br\/sistema\/wp-json\/wp\/v2\/posts\/139924\/revisions"}],"wp:featuredmedia":[{"embeddable":true,"href":"https:\/\/www.extraderondonia.com.br\/sistema\/wp-json\/wp\/v2\/media\/139925"}],"wp:attachment":[{"href":"https:\/\/www.extraderondonia.com.br\/sistema\/wp-json\/wp\/v2\/media?parent=139924"}],"wp:term":[{"taxonomy":"category","embeddable":true,"href":"https:\/\/www.extraderondonia.com.br\/sistema\/wp-json\/wp\/v2\/categories?post=139924"},{"taxonomy":"post_tag","embeddable":true,"href":"https:\/\/www.extraderondonia.com.br\/sistema\/wp-json\/wp\/v2\/tags?post=139924"}],"curies":[{"name":"wp","href":"https:\/\/api.w.org\/{rel}","templated":true}]}}