{"id":139927,"date":"2016-08-18T16:58:11","date_gmt":"2016-08-18T20:58:11","guid":{"rendered":"http:\/\/www.extraderondonia.com.br\/?p=139927"},"modified":"2016-08-18T16:58:11","modified_gmt":"2016-08-18T20:58:11","slug":"indignacao-motiva-professora-a-disputar-cargo-no-legislativo","status":"publish","type":"post","link":"https:\/\/www.extraderondonia.com.br\/sistema\/2016\/08\/18\/indignacao-motiva-professora-a-disputar-cargo-no-legislativo\/","title":{"rendered":"Indigna\u00e7\u00e3o motiva professora a disputar cargo no Legislativo"},"content":{"rendered":"<figure id=\"attachment_139928\" aria-describedby=\"caption-attachment-139928\" style=\"width: 300px\" class=\"wp-caption aligncenter\"><a href=\"http:\/\/www.extraderondonia.com.br\/sistema\/wp-content\/uploads\/2016\/08\/vivian.jpg\" rel=\"attachment wp-att-139928\"><img loading=\"lazy\" decoding=\"async\" class=\"size-medium wp-image-139928\" src=\"http:\/\/www.extraderondonia.com.br\/sistema\/wp-content\/uploads\/2016\/08\/vivian-300x233.jpg\" alt=\"Vivian Repessold visitou a reda\u00e7\u00e3o do Extra de Rond\u00f4nia\" width=\"300\" height=\"233\" srcset=\"https:\/\/www.extraderondonia.com.br\/sistema\/wp-content\/uploads\/2016\/08\/vivian-300x233.jpg 300w, https:\/\/www.extraderondonia.com.br\/sistema\/wp-content\/uploads\/2016\/08\/vivian-540x420.jpg 540w, https:\/\/www.extraderondonia.com.br\/sistema\/wp-content\/uploads\/2016\/08\/vivian-600x467.jpg 600w, https:\/\/www.extraderondonia.com.br\/sistema\/wp-content\/uploads\/2016\/08\/vivian.jpg 644w\" sizes=\"auto, (max-width: 300px) 100vw, 300px\" \/><\/a><figcaption id=\"caption-attachment-139928\" class=\"wp-caption-text\">Vivian Repessold visitou a reda\u00e7\u00e3o do <em><strong>Extra de Rond\u00f4nia<\/strong><\/em><\/figcaption><\/figure>\n<p>A revolta com a conduta das pessoas que exercem cargos p\u00fablicos eletivos, em particular com o que considera descaso quanto a educa\u00e7\u00e3o, levaram a professora Vivian Repessold (PSDB) a enfrentar uma disputa eleitoral pela primeira vez em sua vida em Vilhena.<\/p>\n<p>Atualmente trabalhando na Escola Cristo Rei, e acumulando duas d\u00e9cadas de experi\u00eancia no setor, ela resolveu \u201ctentar fazer a diferen\u00e7a ao inv\u00e9s de ficar esperando por solu\u00e7\u00f5es\u201d. A candidata \u00e9 filiada ao PSDB.<\/p>\n<p>Sem reversas em suas cr\u00edticas, Vivian disse estar \u201cindignada\u201d com a forma como o sistema de ensino p\u00fablico vem sendo mantida, resultando em \u201cp\u00e9ssima estrutura, com total desvaloriza\u00e7\u00e3o dos servidores, e sofr\u00edvel qualidade da merenda servida aos alunos\u201d.<\/p>\n<p>Contando com apoio da comunidade escolar a qual pertence, ela colocou como miss\u00e3o de campanha promover a conscientiza\u00e7\u00e3o popular e mobiliza\u00e7\u00e3o da comunidade para exigir seus direitos.<\/p>\n<p>\u201cEstou cansada e frustrada de tanto esperar que os respons\u00e1veis pelo gerenciamento do setor p\u00fablico tomem medidas para tirar o sistema educacional do atraso em que se encontra, por isso resolvi encarar o desafio\u201d, explica ao visitar a reda\u00e7\u00e3o do <strong><em>Extra de Rond\u00f4nia<\/em><\/strong>.<\/p>\n<p>Al\u00e9m da educa\u00e7\u00e3o, Vivian pretende trabalhar em sintonia com as entidades representativas do funcionalismo p\u00fablico, como a ASMUV e o SINDSUL, buscando o fortalecimento destas organiza\u00e7\u00f5es e defendendo os direitos dos servidores.<\/p>\n<p>Outra meta de a\u00e7\u00e3o, caso eleita a vereadora, ser\u00e1 trabalhar no sentido de garantir ao povo transpar\u00eancia e participa\u00e7\u00e3o no trabalho do Poder Legislativo. \u201cLutarei para o estabelecimento de sess\u00f5es itinerantes da C\u00e2mara nos bairros, al\u00e9m de mudan\u00e7a no hor\u00e1rio das sess\u00f5es no Parlamento para oportunizar aos cidad\u00e3os a chance de acompanhar o trabalho dos vereadores\u201d, garantiu.<\/p>\n<p>A professora tamb\u00e9m frisou que o momento atual \u00e9 favor\u00e1vel a uma dr\u00e1stica mudan\u00e7a no perfil do setor p\u00fablico, com a elei\u00e7\u00f5es de outras pessoas. \u201cOs que est\u00e3o exercendo os cargos eletivos j\u00e1 tiveram sua oportunidade de mostrar ao que vieram, e os resultados n\u00e3o foram satisfat\u00f3rios. \u00c9 poss\u00edvel reverter este estado de coisas, pois h\u00e1 muita gente decente e preparada para ocupar tais fun\u00e7\u00f5es entre os candidatos ao pleito. Vou trabalhar no sentido de que ocorra uma ampla reformula\u00e7\u00e3o nos quadros do Legislativo, e espero que o pr\u00f3ximo prefeito tamb\u00e9m tenha uma vis\u00e3o diferenciada quanto a forma de administrar nossa cidade, priorizando as \u00e1reas que realmente s\u00e3o essenciais para a melhoria das condi\u00e7\u00f5es de vida da popula\u00e7\u00e3o\u201d, afirmou.<\/p>\n<p>&nbsp;<\/p>\n<p>Fonte: Extra de Rond\u00f4nia<\/p>\n<p>Foto: Extra de Rond\u00f4nia<\/p>\n","protected":false},"excerpt":{"rendered":"<p>A revolta com a conduta das pessoas que exercem cargos p\u00fablicos eletivos, em particular com o que considera descaso quanto a educa\u00e7\u00e3o, levaram a professora Vivian Repessold (PSDB) a enfrentar uma disputa eleitoral pela primeira vez em sua vida em Vilhena. Atualmente trabalhando na Escola Cristo Rei, e acumulando duas d\u00e9cadas de experi\u00eancia no setor, [&hellip;]<\/p>\n","protected":false},"author":3,"featured_media":139928,"comment_status":"closed","ping_status":"closed","sticky":false,"template":"","format":"standard","meta":{"footnotes":""},"categories":[2],"tags":[],"class_list":["post-139927","post","type-post","status-publish","format-standard","has-post-thumbnail","hentry","category-politica"],"_links":{"self":[{"href":"https:\/\/www.extraderondonia.com.br\/sistema\/wp-json\/wp\/v2\/posts\/139927","targetHints":{"allow":["GET"]}}],"collection":[{"href":"https:\/\/www.extraderondonia.com.br\/sistema\/wp-json\/wp\/v2\/posts"}],"about":[{"href":"https:\/\/www.extraderondonia.com.br\/sistema\/wp-json\/wp\/v2\/types\/post"}],"author":[{"embeddable":true,"href":"https:\/\/www.extraderondonia.com.br\/sistema\/wp-json\/wp\/v2\/users\/3"}],"replies":[{"embeddable":true,"href":"https:\/\/www.extraderondonia.com.br\/sistema\/wp-json\/wp\/v2\/comments?post=139927"}],"version-history":[{"count":0,"href":"https:\/\/www.extraderondonia.com.br\/sistema\/wp-json\/wp\/v2\/posts\/139927\/revisions"}],"wp:featuredmedia":[{"embeddable":true,"href":"https:\/\/www.extraderondonia.com.br\/sistema\/wp-json\/wp\/v2\/media\/139928"}],"wp:attachment":[{"href":"https:\/\/www.extraderondonia.com.br\/sistema\/wp-json\/wp\/v2\/media?parent=139927"}],"wp:term":[{"taxonomy":"category","embeddable":true,"href":"https:\/\/www.extraderondonia.com.br\/sistema\/wp-json\/wp\/v2\/categories?post=139927"},{"taxonomy":"post_tag","embeddable":true,"href":"https:\/\/www.extraderondonia.com.br\/sistema\/wp-json\/wp\/v2\/tags?post=139927"}],"curies":[{"name":"wp","href":"https:\/\/api.w.org\/{rel}","templated":true}]}}