{"id":139930,"date":"2016-08-18T17:03:20","date_gmt":"2016-08-18T21:03:20","guid":{"rendered":"http:\/\/www.extraderondonia.com.br\/?p=139930"},"modified":"2016-08-18T17:11:45","modified_gmt":"2016-08-18T21:11:45","slug":"show-de-jads-jadson-e-cancelado-em-vilhena","status":"publish","type":"post","link":"https:\/\/www.extraderondonia.com.br\/sistema\/2016\/08\/18\/show-de-jads-jadson-e-cancelado-em-vilhena\/","title":{"rendered":"Show de Jads &#038; Jadson \u00e9 cancelado em Vilhena"},"content":{"rendered":"<p><img loading=\"lazy\" decoding=\"async\" class=\"alignright size-medium wp-image-139931\" src=\"http:\/\/www.extraderondonia.com.br\/sistema\/wp-content\/uploads\/2016\/08\/Jads-300x225.jpg\" alt=\"Jads\" width=\"300\" height=\"225\" srcset=\"https:\/\/www.extraderondonia.com.br\/sistema\/wp-content\/uploads\/2016\/08\/Jads-300x225.jpg 300w, https:\/\/www.extraderondonia.com.br\/sistema\/wp-content\/uploads\/2016\/08\/Jads-80x60.jpg 80w, https:\/\/www.extraderondonia.com.br\/sistema\/wp-content\/uploads\/2016\/08\/Jads-265x198.jpg 265w, https:\/\/www.extraderondonia.com.br\/sistema\/wp-content\/uploads\/2016\/08\/Jads-560x420.jpg 560w, https:\/\/www.extraderondonia.com.br\/sistema\/wp-content\/uploads\/2016\/08\/Jads-600x450.jpg 600w, https:\/\/www.extraderondonia.com.br\/sistema\/wp-content\/uploads\/2016\/08\/Jads-294x221.jpg 294w, https:\/\/www.extraderondonia.com.br\/sistema\/wp-content\/uploads\/2016\/08\/Jads.jpg 620w\" sizes=\"auto, (max-width: 300px) 100vw, 300px\" \/>A organiza\u00e7\u00e3o que traria a dupla Jads &amp; Jadson para Vilhena, cancelou o compromisso com os sertanejos ap\u00f3s pesquisar a \u201cpra\u00e7a\u201d.<\/p>\n<p>Segundo Pedro Correa, um dos idealizadores, o show j\u00e1 estava marcado na agenda de eventos para o munic\u00edpio, mas depois de analisar melhor a situa\u00e7\u00e3o das vendas de ingressos dos \u00faltimos shows realizados resolveram cancelar o compromisso com os cantores.<\/p>\n<p>Jads &amp; Jadson se apresentaram a pouco tempo em Vilhena, quando vieram ao munic\u00edpio em julho de 2015, fazendo a abertura da Expovil.<\/p>\n<p>O show estava marcado para acontecer no dia 17 de setembro.<\/p>\n<p>&nbsp;<\/p>\n<p>Texto: Extra de Rond\u00f4nia<\/p>\n<p>Foto: Divulga\u00e7\u00e3o<\/p>\n","protected":false},"excerpt":{"rendered":"<p>A organiza\u00e7\u00e3o que traria a dupla Jads &amp; Jadson para Vilhena, cancelou o compromisso com os sertanejos ap\u00f3s pesquisar a \u201cpra\u00e7a\u201d. Segundo Pedro Correa, um dos idealizadores, o show j\u00e1 estava marcado na agenda de eventos para o munic\u00edpio, mas depois de analisar melhor a situa\u00e7\u00e3o das vendas de ingressos dos \u00faltimos shows realizados resolveram [&hellip;]<\/p>\n","protected":false},"author":2,"featured_media":139931,"comment_status":"closed","ping_status":"closed","sticky":false,"template":"","format":"standard","meta":{"footnotes":""},"categories":[1],"tags":[],"class_list":["post-139930","post","type-post","status-publish","format-standard","has-post-thumbnail","hentry","category-geral"],"_links":{"self":[{"href":"https:\/\/www.extraderondonia.com.br\/sistema\/wp-json\/wp\/v2\/posts\/139930","targetHints":{"allow":["GET"]}}],"collection":[{"href":"https:\/\/www.extraderondonia.com.br\/sistema\/wp-json\/wp\/v2\/posts"}],"about":[{"href":"https:\/\/www.extraderondonia.com.br\/sistema\/wp-json\/wp\/v2\/types\/post"}],"author":[{"embeddable":true,"href":"https:\/\/www.extraderondonia.com.br\/sistema\/wp-json\/wp\/v2\/users\/2"}],"replies":[{"embeddable":true,"href":"https:\/\/www.extraderondonia.com.br\/sistema\/wp-json\/wp\/v2\/comments?post=139930"}],"version-history":[{"count":0,"href":"https:\/\/www.extraderondonia.com.br\/sistema\/wp-json\/wp\/v2\/posts\/139930\/revisions"}],"wp:featuredmedia":[{"embeddable":true,"href":"https:\/\/www.extraderondonia.com.br\/sistema\/wp-json\/wp\/v2\/media\/139931"}],"wp:attachment":[{"href":"https:\/\/www.extraderondonia.com.br\/sistema\/wp-json\/wp\/v2\/media?parent=139930"}],"wp:term":[{"taxonomy":"category","embeddable":true,"href":"https:\/\/www.extraderondonia.com.br\/sistema\/wp-json\/wp\/v2\/categories?post=139930"},{"taxonomy":"post_tag","embeddable":true,"href":"https:\/\/www.extraderondonia.com.br\/sistema\/wp-json\/wp\/v2\/tags?post=139930"}],"curies":[{"name":"wp","href":"https:\/\/api.w.org\/{rel}","templated":true}]}}