{"id":139935,"date":"2016-08-18T17:25:33","date_gmt":"2016-08-18T21:25:33","guid":{"rendered":"http:\/\/www.extraderondonia.com.br\/?p=139935"},"modified":"2016-08-19T08:50:35","modified_gmt":"2016-08-19T12:50:35","slug":"confira-acao-da-prf-nas-ultimas-24-horas-7","status":"publish","type":"post","link":"https:\/\/www.extraderondonia.com.br\/sistema\/2016\/08\/18\/confira-acao-da-prf-nas-ultimas-24-horas-7\/","title":{"rendered":"Confira a\u00e7\u00e3o da PRF nas \u00faltimas 24 horas"},"content":{"rendered":"<p><img loading=\"lazy\" decoding=\"async\" class=\"alignleft size-medium wp-image-139961\" src=\"http:\/\/www.extraderondonia.com.br\/sistema\/wp-content\/uploads\/2016\/08\/capa18-300x199.jpg\" alt=\"capa18\" width=\"300\" height=\"199\" srcset=\"https:\/\/www.extraderondonia.com.br\/sistema\/wp-content\/uploads\/2016\/08\/capa18-300x199.jpg 300w, https:\/\/www.extraderondonia.com.br\/sistema\/wp-content\/uploads\/2016\/08\/capa18-632x420.jpg 632w, https:\/\/www.extraderondonia.com.br\/sistema\/wp-content\/uploads\/2016\/08\/capa18-600x398.jpg 600w, https:\/\/www.extraderondonia.com.br\/sistema\/wp-content\/uploads\/2016\/08\/capa18.jpg 640w\" sizes=\"auto, (max-width: 300px) 100vw, 300px\" \/>Nas \u00faltimas 24 horas a Pol\u00edcia Rodovi\u00e1ria Federal (PRF) registrou nas rodovias federais de Rond\u00f4nia e Acre a ocorr\u00eancia de 04 acidentes que resultaram em 07 feridos e nenhuma morte.<\/p>\n<p><strong>FISCALIZA\u00c7\u00c3O LEI SECA:<\/strong><\/p>\n<p>Foram fiscalizados 41 ve\u00edculos e 45 pessoas, destas 8 realizaram teste et\u00edlico, sendo que 02 condutores foram autuados por dirigirem sob efeito de \u00e1lcool e 02 foram presos.<\/p>\n<p><strong>FISCALIZA\u00c7\u00c3O RADAR:<\/strong><\/p>\n<p>Foram flagrados 209 ve\u00edculos com velocidade acima da permitida para o local.<\/p>\n<p><strong>EDUCA\u00c7\u00c3O DE TR\u00c2NSITO:<\/strong><\/p>\n<p>110 pessoas orienta\u00e7\u00f5es de educa\u00e7\u00e3o de tr\u00e2nsito.<\/p>\n<p><strong><u>PRINCIPAIS OCORR\u00caNCIAS<\/u><\/strong><\/p>\n<p><strong>PRF apreende r\u00e1dio transmissor e quase 16m\u00b3 de madeira serrada em Ariquemes\/RO<\/strong><\/p>\n<p>Na noite desta \u00faltima quarta-feira (17), os agentes da Pol\u00edcia Rodovi\u00e1ria Federal (PRF) apreenderam quase 16 metros c\u00fabicos de madeira. O fato aconteceu nas proximidades do quil\u00f4metro 520 da BR 364, sentido decrescente em Ariquemes\/RO.<\/p>\n<p>\u00c0s 22h25, os agentes da PRF abordaram o ve\u00edculo VW\/24.280 CRM, cor prata, ano 2015, conduzido por um homem de 44 anos de idade. No momento da fiscaliza\u00e7\u00e3o, os policiais observaram o transporte de 15,807 m\u00b3 de madeira serrada, das esp\u00e9cies \u201cbreu e ucuubarana\u201d condicionadas no ve\u00edculo e solicitaram a documenta\u00e7\u00e3o de porte obrigat\u00f3ria ao condutor.<\/p>\n<p>Ap\u00f3s averigua\u00e7\u00e3o no Documento de Origem Florestal (DOF) apresentado, a equipe constatou diverg\u00eancias nas informa\u00e7\u00f5es prestadas, contrariando instru\u00e7\u00e3o do Instituto Brasileiro do Meio Ambiente e dos Recursos Naturais Renov\u00e1veis (IBAMA). Efetuada revista no ve\u00edculo, os agentes encontraram um r\u00e1dio transmissor da marca Cobra 148, desprovidos da autoriza\u00e7\u00e3o da Ag\u00eancia Nacional de Telecomunica\u00e7\u00f5es (ANATEL).<\/p>\n<p>Diante dos fatos, a ocorr\u00eancia foi encaminhada para a Pol\u00edcia Civil de Ariquemes\/RO.<\/p>\n<p><strong>PRF flagra dois condutores portando CNH falsa na BR 364<\/strong><\/p>\n<p>A Pol\u00edcia Rodovi\u00e1ria Federal (PRF) flagrou dois condutores fazendo uso de documento com ind\u00edcios de falsifica\u00e7\u00e3o, nesta \u00faltima quarta-feira (17).<\/p>\n<p>Os fatos ocorreram na BR 364, nas cidades de Cacoal\/RO e em Ariquemes\/RO.<\/p>\n<p>Durante patrulhamento por volta das 10 horas, os agentes da PRF avistaram no quil\u00f4metro 236 da BR 364, o ve\u00edculo M.BENZ\/2423 K, cor branca, ano 2002, estacionado na via, devido ao rodado traseiro direito do caminh\u00e3o que estava solto. Ao abordar, os policiais solicitaram documentos de identifica\u00e7\u00e3o ao motorista de 27 anos de idade e constataram que a Carteira Nacional de Habilita\u00e7\u00e3o (CNH) apresentada possu\u00eda ind\u00edcios de adultera\u00e7\u00e3o.<\/p>\n<p>Por volta das 12 horas, a equipe de plant\u00e3o da PRF abordou, no quil\u00f4metro 520 da BR 364, o ve\u00edculo FORD\/FORD F 400, cor azul, ano 1986, conduzido por um homem de 51 anos de idade, acompanhado de dois passageiros.<\/p>\n<p>Solicitado o documento de porte obrigat\u00f3rio ao motorista, os policiais notaram ind\u00edcios de falsifica\u00e7\u00e3o na Carteira Nacional de Habilita\u00e7\u00e3o (CNH) exibida e constataram, atrav\u00e9s de pesquisas nos sistemas, que o condutor n\u00e3o era habilitado. Ao ser questionado, o motorista afirmou ter adquirido o documento pela quantia de R$ 2.500,00 reais.<\/p>\n<p>Diante dos fatos, as ocorr\u00eancias foram encaminhadas para a Pol\u00edcia Civil da localidade.<\/p>\n<p><strong><em>PRF flagra condutor embriagado em Vilhena\/RO<\/em><\/strong><\/p>\n<p>Na madrugada desta quarta-feira (17), um condutor dirigindo embriagado foi detido pela Pol\u00edcia Rodovi\u00e1ria Federal (PRF). O flagrante ocorreu na altura do quil\u00f4metro 18 da BR 364, sentido crescente em Vilhena\/RO.<\/p>\n<p>Por volta das 1 hora, os agentes da PRF abordaram o ve\u00edculo VW\/GOL 16V, cor amarela, ano 1999, conduzido por um homem de 40 anos de idade.<\/p>\n<p>Durante a fiscaliza\u00e7\u00e3o, os policiais notaram sinais de embriaguez no condutor e o convidaram a realizar o teste de etil\u00f4metro. Efetuado o teste que acusou o resultado de 0,36 miligramas de \u00e1lcool por litro de ar expelido pelo pulm\u00e3o, os policiais deram voz de pris\u00e3o ao motorista, pelo crime de embriaguez ao volante.<\/p>\n<p>Diante dos fatos, a ocorr\u00eancia foi encaminhada para a Pol\u00edcia Civil de Vilhena\/RO.<\/p>\n<p><strong>PRF apreende mais de 290 produtos irregulares em Jaru\/RO<\/strong><\/p>\n<p>Nesta \u00faltima ter\u00e7a-feira (16), a Pol\u00edcia Rodovi\u00e1ria Federal (PRF) flagrou o transporte irregular de 296 unidades de mercadorias diversas. A apreens\u00e3o ocorreu durante patrulhamento realizado nas proximidades do quil\u00f4metro 448 da BR 364, sentido crescente em Jaru\/RO.<\/p>\n<p>Por volta das 20 horas, a equipe de plant\u00e3o da PRF abordou o ve\u00edculo GM\/S10 EXECUT, cor preta, ano 2010, conduzido por um homem de 30 anos, acompanhado de 04 passageiros. Durante revista no interior do ve\u00edculo, os policiais encontraram 24 aparelhos de celulares, 49 rel\u00f3gios, 33 unidades de cosm\u00e9ticos, 39 de vestu\u00e1rios e 151 baterias para rel\u00f3gio.<\/p>\n<p>Ao serem questionados, os ocupantes afirmaram aos policiais n\u00e3o possuir nota fiscal e que trabalhavam com vendas, tendo adquirido os eletr\u00f4nicos, celulares e cosm\u00e9ticos no Paraguai e os demais produtos no estado de Goi\u00e1s.<\/p>\n<p>Diante dos fatos, a ocorr\u00eancia foi encaminhada para a Pol\u00edcia Civil de Jaru\/RO.<\/p>\n<p><strong>ATEN\u00c7\u00c3O:<\/strong>\u00a0Ao se deparar com alguma anormalidade, pessoa ou ve\u00edculo em atitude suspeita, ligue para o 191 e comunique! A PRF far\u00e1 a abordagem policial.<\/p>\n<p>Fonte: Assessoria<\/p>\n<p>Foto: Arquivo\/Exrtra<\/p>\n<p>&nbsp;<\/p>\n<p>&nbsp;<\/p>\n<p>&nbsp;<\/p>\n","protected":false},"excerpt":{"rendered":"<p>Nas \u00faltimas 24 horas a Pol\u00edcia Rodovi\u00e1ria Federal (PRF) registrou nas rodovias federais de Rond\u00f4nia e Acre a ocorr\u00eancia de 04 acidentes que resultaram em 07 feridos e nenhuma morte. FISCALIZA\u00c7\u00c3O LEI SECA: Foram fiscalizados 41 ve\u00edculos e 45 pessoas, destas 8 realizaram teste et\u00edlico, sendo que 02 condutores foram autuados por dirigirem sob efeito [&hellip;]<\/p>\n","protected":false},"author":4,"featured_media":139961,"comment_status":"closed","ping_status":"closed","sticky":false,"template":"","format":"standard","meta":{"footnotes":""},"categories":[12],"tags":[],"class_list":["post-139935","post","type-post","status-publish","format-standard","has-post-thumbnail","hentry","category-sem-categoria"],"_links":{"self":[{"href":"https:\/\/www.extraderondonia.com.br\/sistema\/wp-json\/wp\/v2\/posts\/139935","targetHints":{"allow":["GET"]}}],"collection":[{"href":"https:\/\/www.extraderondonia.com.br\/sistema\/wp-json\/wp\/v2\/posts"}],"about":[{"href":"https:\/\/www.extraderondonia.com.br\/sistema\/wp-json\/wp\/v2\/types\/post"}],"author":[{"embeddable":true,"href":"https:\/\/www.extraderondonia.com.br\/sistema\/wp-json\/wp\/v2\/users\/4"}],"replies":[{"embeddable":true,"href":"https:\/\/www.extraderondonia.com.br\/sistema\/wp-json\/wp\/v2\/comments?post=139935"}],"version-history":[{"count":0,"href":"https:\/\/www.extraderondonia.com.br\/sistema\/wp-json\/wp\/v2\/posts\/139935\/revisions"}],"wp:featuredmedia":[{"embeddable":true,"href":"https:\/\/www.extraderondonia.com.br\/sistema\/wp-json\/wp\/v2\/media\/139961"}],"wp:attachment":[{"href":"https:\/\/www.extraderondonia.com.br\/sistema\/wp-json\/wp\/v2\/media?parent=139935"}],"wp:term":[{"taxonomy":"category","embeddable":true,"href":"https:\/\/www.extraderondonia.com.br\/sistema\/wp-json\/wp\/v2\/categories?post=139935"},{"taxonomy":"post_tag","embeddable":true,"href":"https:\/\/www.extraderondonia.com.br\/sistema\/wp-json\/wp\/v2\/tags?post=139935"}],"curies":[{"name":"wp","href":"https:\/\/api.w.org\/{rel}","templated":true}]}}