{"id":139939,"date":"2016-08-18T17:24:04","date_gmt":"2016-08-18T21:24:04","guid":{"rendered":"http:\/\/www.extraderondonia.com.br\/?p=139939"},"modified":"2016-08-19T17:43:04","modified_gmt":"2016-08-19T21:43:04","slug":"dnit-manifesta-preocupacao-com-obra-de-drenagem-em-cerejeiras","status":"publish","type":"post","link":"https:\/\/www.extraderondonia.com.br\/sistema\/2016\/08\/18\/dnit-manifesta-preocupacao-com-obra-de-drenagem-em-cerejeiras\/","title":{"rendered":"DNIT manifesta preocupa\u00e7\u00e3o com obra de drenagem em Cerejeiras"},"content":{"rendered":"<p><a href=\"http:\/\/www.extraderondonia.com.br\/sistema\/wp-content\/uploads\/2016\/08\/drenagem-cerejeiras.jpg\" rel=\"attachment wp-att-139940\"><img loading=\"lazy\" decoding=\"async\" class=\"alignright size-medium wp-image-139940\" src=\"http:\/\/www.extraderondonia.com.br\/sistema\/wp-content\/uploads\/2016\/08\/drenagem-cerejeiras-300x178.jpg\" alt=\"drenagem cerejeiras\" width=\"300\" height=\"178\" srcset=\"https:\/\/www.extraderondonia.com.br\/sistema\/wp-content\/uploads\/2016\/08\/drenagem-cerejeiras-300x178.jpg 300w, https:\/\/www.extraderondonia.com.br\/sistema\/wp-content\/uploads\/2016\/08\/drenagem-cerejeiras.jpg 600w, https:\/\/www.extraderondonia.com.br\/sistema\/wp-content\/uploads\/2016\/08\/drenagem-cerejeiras-200x120.jpg 200w\" sizes=\"auto, (max-width: 300px) 100vw, 300px\" \/><\/a>A a\u00e7\u00e3o da prefeitura ao construir rede de esgoto na Avenida Central da cidade provocou reuni\u00e3o oficial entre gestores do munic\u00edpio e representantes do DNIT.<\/p>\n<p>O encontro ocorreu motivado pela preocupa\u00e7\u00e3o do \u00f3rg\u00e3o federal acerca da qualidade do servi\u00e7o, que pode ceder e n\u00e3o resistir ao peso do tr\u00e1fego.<\/p>\n<p>A audi\u00eancia foi realizada como a\u00e7\u00e3o preventiva para estipular responsabilidades caso ocorram problemas deste g\u00eanero.<\/p>\n<p>O encontro aconteceu no dia 04 de julho passado, e foi lavrado em ata. Na discuss\u00e3o ficou estabelecido que o Munic\u00edpio de Cerejeiras, representado na ocasi\u00e3o pelo prefeito, fica respons\u00e1vel pela corre\u00e7\u00e3o de danos na pista que possam acontecer.<\/p>\n<p>Na ocasi\u00e3o tamb\u00e9m ficou acordado que a empreiteira respons\u00e1vel pelas obras far\u00e1 testes e simula\u00e7\u00f5es no trecho em quest\u00e3o para aferir as condi\u00e7\u00f5es do trabalho e promover reparos, caso seja necess\u00e1rio.<\/p>\n<p>&nbsp;<\/p>\n<p>Fonte: Extra de Rond\u00f4nia<\/p>\n<p>Foto: Ilustrativa<\/p>\n","protected":false},"excerpt":{"rendered":"<p>A a\u00e7\u00e3o da prefeitura ao construir rede de esgoto na Avenida Central da cidade provocou reuni\u00e3o oficial entre gestores do munic\u00edpio e representantes do DNIT. O encontro ocorreu motivado pela preocupa\u00e7\u00e3o do \u00f3rg\u00e3o federal acerca da qualidade do servi\u00e7o, que pode ceder e n\u00e3o resistir ao peso do tr\u00e1fego. A audi\u00eancia foi realizada como a\u00e7\u00e3o [&hellip;]<\/p>\n","protected":false},"author":3,"featured_media":139940,"comment_status":"closed","ping_status":"closed","sticky":false,"template":"","format":"standard","meta":{"footnotes":""},"categories":[14],"tags":[],"class_list":["post-139939","post","type-post","status-publish","format-standard","has-post-thumbnail","hentry","category-conesul"],"_links":{"self":[{"href":"https:\/\/www.extraderondonia.com.br\/sistema\/wp-json\/wp\/v2\/posts\/139939","targetHints":{"allow":["GET"]}}],"collection":[{"href":"https:\/\/www.extraderondonia.com.br\/sistema\/wp-json\/wp\/v2\/posts"}],"about":[{"href":"https:\/\/www.extraderondonia.com.br\/sistema\/wp-json\/wp\/v2\/types\/post"}],"author":[{"embeddable":true,"href":"https:\/\/www.extraderondonia.com.br\/sistema\/wp-json\/wp\/v2\/users\/3"}],"replies":[{"embeddable":true,"href":"https:\/\/www.extraderondonia.com.br\/sistema\/wp-json\/wp\/v2\/comments?post=139939"}],"version-history":[{"count":0,"href":"https:\/\/www.extraderondonia.com.br\/sistema\/wp-json\/wp\/v2\/posts\/139939\/revisions"}],"wp:featuredmedia":[{"embeddable":true,"href":"https:\/\/www.extraderondonia.com.br\/sistema\/wp-json\/wp\/v2\/media\/139940"}],"wp:attachment":[{"href":"https:\/\/www.extraderondonia.com.br\/sistema\/wp-json\/wp\/v2\/media?parent=139939"}],"wp:term":[{"taxonomy":"category","embeddable":true,"href":"https:\/\/www.extraderondonia.com.br\/sistema\/wp-json\/wp\/v2\/categories?post=139939"},{"taxonomy":"post_tag","embeddable":true,"href":"https:\/\/www.extraderondonia.com.br\/sistema\/wp-json\/wp\/v2\/tags?post=139939"}],"curies":[{"name":"wp","href":"https:\/\/api.w.org\/{rel}","templated":true}]}}