{"id":139944,"date":"2016-08-18T17:28:07","date_gmt":"2016-08-18T21:28:07","guid":{"rendered":"http:\/\/www.extraderondonia.com.br\/?p=139944"},"modified":"2016-08-18T17:28:07","modified_gmt":"2016-08-18T21:28:07","slug":"dari-de-oliveira-vai-permanecer-no-comando-do-dem-vilhenense","status":"publish","type":"post","link":"https:\/\/www.extraderondonia.com.br\/sistema\/2016\/08\/18\/dari-de-oliveira-vai-permanecer-no-comando-do-dem-vilhenense\/","title":{"rendered":"Dari de Oliveira vai permanecer no comando do DEM vilhenense"},"content":{"rendered":"<figure id=\"attachment_139945\" aria-describedby=\"caption-attachment-139945\" style=\"width: 300px\" class=\"wp-caption aligncenter\"><a href=\"http:\/\/www.extraderondonia.com.br\/sistema\/wp-content\/uploads\/2016\/08\/dari-EXTRA-DE-RONDONIA.jpg\" rel=\"attachment wp-att-139945\"><img loading=\"lazy\" decoding=\"async\" class=\"size-medium wp-image-139945\" src=\"http:\/\/www.extraderondonia.com.br\/sistema\/wp-content\/uploads\/2016\/08\/dari-EXTRA-DE-RONDONIA-300x256.jpg\" alt=\"Dari afirma que decis\u00e3o deve-se a pedidos de lideran\u00e7as estaduais\" width=\"300\" height=\"256\" srcset=\"https:\/\/www.extraderondonia.com.br\/sistema\/wp-content\/uploads\/2016\/08\/dari-EXTRA-DE-RONDONIA-300x256.jpg 300w, https:\/\/www.extraderondonia.com.br\/sistema\/wp-content\/uploads\/2016\/08\/dari-EXTRA-DE-RONDONIA-696x595.jpg 696w, https:\/\/www.extraderondonia.com.br\/sistema\/wp-content\/uploads\/2016\/08\/dari-EXTRA-DE-RONDONIA-492x420.jpg 492w, https:\/\/www.extraderondonia.com.br\/sistema\/wp-content\/uploads\/2016\/08\/dari-EXTRA-DE-RONDONIA-768x656.jpg 768w, https:\/\/www.extraderondonia.com.br\/sistema\/wp-content\/uploads\/2016\/08\/dari-EXTRA-DE-RONDONIA-600x513.jpg 600w, https:\/\/www.extraderondonia.com.br\/sistema\/wp-content\/uploads\/2016\/08\/dari-EXTRA-DE-RONDONIA.jpg 899w\" sizes=\"auto, (max-width: 300px) 100vw, 300px\" \/><\/a><figcaption id=\"caption-attachment-139945\" class=\"wp-caption-text\">Dari afirma que decis\u00e3o deve-se a pedidos de lideran\u00e7as estaduais<\/figcaption><\/figure>\n<p>O veterano pol\u00edtico esteve nesta uinta-feira, 18, na reda\u00e7\u00e3o do <strong><em>Extra de Rond\u00f4nia<\/em><\/strong> para anunciar que n\u00e3o vai mais se afastar da presid\u00eancia do diret\u00f3rio municipal da legenda, conforme ele mesmo havia anunciado dias atr\u00e1s.<\/p>\n<p>De acordo com Dari, a mudan\u00e7a de planos decorreu em virtude de pedidos de lideran\u00e7as estaduais do partido.<\/p>\n<p>O presidente do Democratas disse que os dirigentes regionais o convenceram que \u00e9 importante que ele permane\u00e7a no comando do diret\u00f3rio no per\u00edodo eleitoral, posto que os integrantes da dire\u00e7\u00e3o que poderiam lhe substituir est\u00e3o concorrendo na disputa. \u201cAchamos melhor que algu\u00e9m que n\u00e3o est\u00e1 ocupado na campanha fique na dire\u00e7\u00e3o geral do partido para dar suporte aos nossos candidatos\u201d, explicou.<\/p>\n<p>Depois das elei\u00e7\u00f5es de outubro \u00e9 prov\u00e1vel que Oliveira se licencie da fun\u00e7\u00e3o para dedicar-se integralmente aos \u00faltimos meses da gest\u00e3o do prefeito Z\u00e9 Rover, na qual ocupa o cargo de secret\u00e1rio municipal de Obras e Servi\u00e7os P\u00fablicos.<\/p>\n<p>&nbsp;<\/p>\n<p>Fonte: Extra de Rond\u00f4nia<\/p>\n<p>Foto: Extra de Rond\u00f4nia<\/p>\n","protected":false},"excerpt":{"rendered":"<p>O veterano pol\u00edtico esteve nesta uinta-feira, 18, na reda\u00e7\u00e3o do Extra de Rond\u00f4nia para anunciar que n\u00e3o vai mais se afastar da presid\u00eancia do diret\u00f3rio municipal da legenda, conforme ele mesmo havia anunciado dias atr\u00e1s. De acordo com Dari, a mudan\u00e7a de planos decorreu em virtude de pedidos de lideran\u00e7as estaduais do partido. O presidente [&hellip;]<\/p>\n","protected":false},"author":3,"featured_media":139945,"comment_status":"closed","ping_status":"closed","sticky":false,"template":"","format":"standard","meta":{"footnotes":""},"categories":[2],"tags":[],"class_list":["post-139944","post","type-post","status-publish","format-standard","has-post-thumbnail","hentry","category-politica"],"_links":{"self":[{"href":"https:\/\/www.extraderondonia.com.br\/sistema\/wp-json\/wp\/v2\/posts\/139944","targetHints":{"allow":["GET"]}}],"collection":[{"href":"https:\/\/www.extraderondonia.com.br\/sistema\/wp-json\/wp\/v2\/posts"}],"about":[{"href":"https:\/\/www.extraderondonia.com.br\/sistema\/wp-json\/wp\/v2\/types\/post"}],"author":[{"embeddable":true,"href":"https:\/\/www.extraderondonia.com.br\/sistema\/wp-json\/wp\/v2\/users\/3"}],"replies":[{"embeddable":true,"href":"https:\/\/www.extraderondonia.com.br\/sistema\/wp-json\/wp\/v2\/comments?post=139944"}],"version-history":[{"count":0,"href":"https:\/\/www.extraderondonia.com.br\/sistema\/wp-json\/wp\/v2\/posts\/139944\/revisions"}],"wp:featuredmedia":[{"embeddable":true,"href":"https:\/\/www.extraderondonia.com.br\/sistema\/wp-json\/wp\/v2\/media\/139945"}],"wp:attachment":[{"href":"https:\/\/www.extraderondonia.com.br\/sistema\/wp-json\/wp\/v2\/media?parent=139944"}],"wp:term":[{"taxonomy":"category","embeddable":true,"href":"https:\/\/www.extraderondonia.com.br\/sistema\/wp-json\/wp\/v2\/categories?post=139944"},{"taxonomy":"post_tag","embeddable":true,"href":"https:\/\/www.extraderondonia.com.br\/sistema\/wp-json\/wp\/v2\/tags?post=139944"}],"curies":[{"name":"wp","href":"https:\/\/api.w.org\/{rel}","templated":true}]}}