{"id":230009,"date":"2018-07-07T09:00:30","date_gmt":"2018-07-07T13:00:30","guid":{"rendered":"http:\/\/www.extraderondonia.com.br\/?p=230009"},"modified":"2019-01-16T09:29:31","modified_gmt":"2019-01-16T13:29:31","slug":"ex-vereador-envolvido-no-esquema-do-loteamento-tenta-se-livrar-de-medidas-alternativas-a-prisao-tj-ro-barra-pedido","status":"publish","type":"post","link":"https:\/\/www.extraderondonia.com.br\/sistema\/2018\/07\/07\/ex-vereador-envolvido-no-esquema-do-loteamento-tenta-se-livrar-de-medidas-alternativas-a-prisao-tj-ro-barra-pedido\/","title":{"rendered":"Ex-vereador envolvido no esquema do loteamento tenta se livrar de medidas alternativas \u00e0 pris\u00e3o; TJ\/RO barra pedido"},"content":{"rendered":"<p><img loading=\"lazy\" decoding=\"async\" class=\"alignleft size-medium wp-image-230010\" src=\"http:\/\/www.extraderondonia.com.br\/sistema\/wp-content\/uploads\/2018\/07\/jairo-300x234.jpg\" alt=\"\" width=\"300\" height=\"234\" srcset=\"https:\/\/www.extraderondonia.com.br\/sistema\/wp-content\/uploads\/2018\/07\/jairo-300x234.jpg 300w, https:\/\/www.extraderondonia.com.br\/sistema\/wp-content\/uploads\/2018\/07\/jairo-538x420.jpg 538w, https:\/\/www.extraderondonia.com.br\/sistema\/wp-content\/uploads\/2018\/07\/jairo-600x468.jpg 600w, https:\/\/www.extraderondonia.com.br\/sistema\/wp-content\/uploads\/2018\/07\/jairo.jpg 693w\" sizes=\"auto, (max-width: 300px) 100vw, 300px\" \/>Ap\u00f3s ser condenado e se livrar da cadeia, o ex-vereador de Vilhena Jaldemiro Dede Moreira, o Jairo Peixoto, agora tenta revogar medidas cautelares diversas \u00e0 pris\u00e3o impostas pelo ju\u00edzo de primeiro grau.<\/p>\n<p>Peixoto foi sentenciado pela participa\u00e7\u00e3o no famigerado esquema do loteamento deflagrado por vereadores de Vilhena em 2016.<\/p>\n<p>A decreta\u00e7\u00e3o de medidas cautelares se deu em substitui\u00e7\u00e3o da pris\u00e3o preventiva decretada e decorrente de investiga\u00e7\u00f5es que culminaram na deflagra\u00e7\u00e3o de v\u00e1rias opera\u00e7\u00f5es no Munic\u00edpio de Vilhena.<\/p>\n<p>O objetivo das dilig\u00eancias era desbaratar suposto esquema criminoso envolvendo autoridades p\u00fablicas, que, \u00e0 \u00e9poca, agim no intuito de extorquir empres\u00e1rios do ramo imobili\u00e1rio, juntamente a terceiros, na qualidade de agentes pol\u00edticos, que supostamente exigiam propina, ora em dinheiro, ora em lotes urbanos (por meio de laranjas), em troca da aprova\u00e7\u00e3o de novos loteamentos.<\/p>\n<p>Por isso, o ex-vereador impetrou habeas corpus alegando:<\/p>\n<ol>\n<li>a) A manuten\u00e7\u00e3o das cautelares causa evidente constrangimento ilegal, sendo evidente sua desnecessidade;<\/li>\n<li>b) Das 9 medidas cautelares previstas na lei 6 lhe foram aplicadas;<\/li>\n<li>c) Falta de fundamenta\u00e7\u00e3o na senten\u00e7a condenat\u00f3ria;<\/li>\n<li>d) Possui condi\u00e7\u00f5es que lhe s\u00e3o favor\u00e1veis;<\/li>\n<li>e) Conduta social sem qualquer intercorr\u00eancia que viesse a perturbar a paz s\u00f3cia;<\/li>\n<li>f) Inexist\u00eancia de grave amea\u00e7\u00e3o ou viol\u00eancia;<\/li>\n<li>g) O cumprimento de 1 ano e 8 meses em cumprimento de medidas cautelares;<\/li>\n<li>h) Exist\u00eancia de condi\u00e7\u00f5es judiciais favor\u00e1veis e;<\/li>\n<li>i) Presen\u00e7a dos requisitos autorizadores para concess\u00e3o de liminar.<\/li>\n<\/ol>\n<p>Antes de decidir, o desembargador Oudivanil de Marins, da 1\u00aa C\u00e2mara Especial do Tribunal de Justi\u00e7a (TJ\/RO), destacou:<\/p>\n<p>\u201cInicialmente, \u00e9 de se destacar que o paciente Jaldemiro Dede Moreira, tamb\u00e9m conhecido por Jairo Peixoto, \u00e9 um dos vereadores investigados que ficaram foragidos da justi\u00e7a por mais de 30 dias ap\u00f3s a expedi\u00e7\u00e3o dos mandados de pris\u00e3o na deflagra\u00e7\u00e3o das opera\u00e7\u00f5es policiais \u00e0 \u00e9poca dos fatos\u201d.<\/p>\n<p>Em seguida, pontuou:<\/p>\n<p>\u201cNo caso em tela, n\u00e3o visualizo, de plano, aparente ilegalidade na decreta\u00e7\u00e3o da medidas substitutivas \u00e0 pris\u00e3o preventiva, o que enseja analisar o m\u00e9rito sob um melhor prisma quando vindas as informa\u00e7\u00f5es prestadas pela autoridade apontada como coatora, raz\u00f5es pela qual indefiro o pedido de liminar\u201d, concluiu.<\/p>\n<p>Autor: Rondoniadinamica<\/p>\n<p>Foto: Divulga\u00e7\u00e3o<\/p>\n","protected":false},"excerpt":{"rendered":"<p>Ap\u00f3s ser condenado e se livrar da cadeia, o ex-vereador de Vilhena Jaldemiro Dede Moreira, o Jairo Peixoto, agora tenta revogar medidas cautelares diversas \u00e0 pris\u00e3o impostas pelo ju\u00edzo de primeiro grau. Peixoto foi sentenciado pela participa\u00e7\u00e3o no famigerado esquema do loteamento deflagrado por vereadores de Vilhena em 2016. A decreta\u00e7\u00e3o de medidas cautelares se [&hellip;]<\/p>\n","protected":false},"author":2,"featured_media":230010,"comment_status":"open","ping_status":"closed","sticky":false,"template":"","format":"standard","meta":{"footnotes":""},"categories":[2],"tags":[],"class_list":["post-230009","post","type-post","status-publish","format-standard","has-post-thumbnail","hentry","category-politica"],"_links":{"self":[{"href":"https:\/\/www.extraderondonia.com.br\/sistema\/wp-json\/wp\/v2\/posts\/230009","targetHints":{"allow":["GET"]}}],"collection":[{"href":"https:\/\/www.extraderondonia.com.br\/sistema\/wp-json\/wp\/v2\/posts"}],"about":[{"href":"https:\/\/www.extraderondonia.com.br\/sistema\/wp-json\/wp\/v2\/types\/post"}],"author":[{"embeddable":true,"href":"https:\/\/www.extraderondonia.com.br\/sistema\/wp-json\/wp\/v2\/users\/2"}],"replies":[{"embeddable":true,"href":"https:\/\/www.extraderondonia.com.br\/sistema\/wp-json\/wp\/v2\/comments?post=230009"}],"version-history":[{"count":0,"href":"https:\/\/www.extraderondonia.com.br\/sistema\/wp-json\/wp\/v2\/posts\/230009\/revisions"}],"wp:featuredmedia":[{"embeddable":true,"href":"https:\/\/www.extraderondonia.com.br\/sistema\/wp-json\/wp\/v2\/media\/230010"}],"wp:attachment":[{"href":"https:\/\/www.extraderondonia.com.br\/sistema\/wp-json\/wp\/v2\/media?parent=230009"}],"wp:term":[{"taxonomy":"category","embeddable":true,"href":"https:\/\/www.extraderondonia.com.br\/sistema\/wp-json\/wp\/v2\/categories?post=230009"},{"taxonomy":"post_tag","embeddable":true,"href":"https:\/\/www.extraderondonia.com.br\/sistema\/wp-json\/wp\/v2\/tags?post=230009"}],"curies":[{"name":"wp","href":"https:\/\/api.w.org\/{rel}","templated":true}]}}