{"id":233975,"date":"2018-08-08T10:19:51","date_gmt":"2018-08-08T14:19:51","guid":{"rendered":"http:\/\/www.extraderondonia.com.br\/?p=233975"},"modified":"2018-08-08T10:19:51","modified_gmt":"2018-08-08T14:19:51","slug":"quinze-disputam-duas-vagas-ao-senado-em-ro","status":"publish","type":"post","link":"https:\/\/www.extraderondonia.com.br\/sistema\/2018\/08\/08\/quinze-disputam-duas-vagas-ao-senado-em-ro\/","title":{"rendered":"Quinze disputam duas vagas ao senado em RO"},"content":{"rendered":"<p>&nbsp;<\/p>\n<p><img loading=\"lazy\" decoding=\"async\" class=\"alignright size-medium wp-image-234006\" src=\"http:\/\/www.extraderondonia.com.br\/sistema\/wp-content\/uploads\/2018\/08\/Congresso-300x171.jpeg\" alt=\"\" width=\"300\" height=\"171\" srcset=\"https:\/\/www.extraderondonia.com.br\/sistema\/wp-content\/uploads\/2018\/08\/Congresso-300x171.jpeg 300w, https:\/\/www.extraderondonia.com.br\/sistema\/wp-content\/uploads\/2018\/08\/Congresso-600x342.jpeg 600w, https:\/\/www.extraderondonia.com.br\/sistema\/wp-content\/uploads\/2018\/08\/Congresso-140x80.jpeg 140w, https:\/\/www.extraderondonia.com.br\/sistema\/wp-content\/uploads\/2018\/08\/Congresso.jpeg 620w\" sizes=\"auto, (max-width: 300px) 100vw, 300px\" \/>Com o t\u00e9rmino das conven\u00e7\u00f5es, quinze candidatos disputam duas vagas ao senado na elei\u00e7\u00e3o desse ano em Rond\u00f4nia.<\/p>\n<p>Conforme determina\u00e7\u00e3o do Tribunal Superior Eleitoral (TSE), os partidos tiveram at\u00e9 a \u00faltima segunda-feira, 6, para encaminhar aos Tribunais Regionais a ata das conven\u00e7\u00f5es com o registro de suas candidaturas. Confira os nomes dos candidatos.<\/p>\n<figure id=\"attachment_233993\" aria-describedby=\"caption-attachment-233993\" style=\"width: 600px\" class=\"wp-caption aligncenter\"><img loading=\"lazy\" decoding=\"async\" class=\"size-large wp-image-233993\" src=\"http:\/\/www.extraderondonia.com.br\/sistema\/wp-content\/uploads\/2018\/08\/Alu\u00edzio-Vidal-600x400.jpg\" alt=\"\" width=\"600\" height=\"400\" srcset=\"https:\/\/www.extraderondonia.com.br\/sistema\/wp-content\/uploads\/2018\/08\/Alu\u00edzio-Vidal-600x400.jpg 600w, https:\/\/www.extraderondonia.com.br\/sistema\/wp-content\/uploads\/2018\/08\/Alu\u00edzio-Vidal-300x200.jpg 300w, https:\/\/www.extraderondonia.com.br\/sistema\/wp-content\/uploads\/2018\/08\/Alu\u00edzio-Vidal-120x80.jpg 120w, https:\/\/www.extraderondonia.com.br\/sistema\/wp-content\/uploads\/2018\/08\/Alu\u00edzio-Vidal.jpg 700w\" sizes=\"auto, (max-width: 600px) 100vw, 600px\" \/><figcaption id=\"caption-attachment-233993\" class=\"wp-caption-text\">Alu\u00edzio Vidal Flor &#8211; (REDE)<\/figcaption><\/figure>\n<figure id=\"attachment_233994\" aria-describedby=\"caption-attachment-233994\" style=\"width: 600px\" class=\"wp-caption aligncenter\"><img loading=\"lazy\" decoding=\"async\" class=\"size-large wp-image-233994\" src=\"http:\/\/www.extraderondonia.com.br\/sistema\/wp-content\/uploads\/2018\/08\/Carlos-Magno-600x393.jpeg\" alt=\"\" width=\"600\" height=\"393\" srcset=\"https:\/\/www.extraderondonia.com.br\/sistema\/wp-content\/uploads\/2018\/08\/Carlos-Magno-600x393.jpeg 600w, https:\/\/www.extraderondonia.com.br\/sistema\/wp-content\/uploads\/2018\/08\/Carlos-Magno-300x196.jpeg 300w, https:\/\/www.extraderondonia.com.br\/sistema\/wp-content\/uploads\/2018\/08\/Carlos-Magno-120x80.jpeg 120w, https:\/\/www.extraderondonia.com.br\/sistema\/wp-content\/uploads\/2018\/08\/Carlos-Magno.jpeg 700w\" sizes=\"auto, (max-width: 600px) 100vw, 600px\" \/><figcaption id=\"caption-attachment-233994\" class=\"wp-caption-text\">Carlos Magno Ramos &#8211; (PP)<\/figcaption><\/figure>\n<figure id=\"attachment_233995\" aria-describedby=\"caption-attachment-233995\" style=\"width: 600px\" class=\"wp-caption aligncenter\"><img loading=\"lazy\" decoding=\"async\" class=\"size-large wp-image-233995\" src=\"http:\/\/www.extraderondonia.com.br\/sistema\/wp-content\/uploads\/2018\/08\/Conf\u00facio-Moura-600x400.jpg\" alt=\"\" width=\"600\" height=\"400\" srcset=\"https:\/\/www.extraderondonia.com.br\/sistema\/wp-content\/uploads\/2018\/08\/Conf\u00facio-Moura-600x400.jpg 600w, https:\/\/www.extraderondonia.com.br\/sistema\/wp-content\/uploads\/2018\/08\/Conf\u00facio-Moura-300x200.jpg 300w, https:\/\/www.extraderondonia.com.br\/sistema\/wp-content\/uploads\/2018\/08\/Conf\u00facio-Moura-768x512.jpg 768w, https:\/\/www.extraderondonia.com.br\/sistema\/wp-content\/uploads\/2018\/08\/Conf\u00facio-Moura-800x533.jpg 800w, https:\/\/www.extraderondonia.com.br\/sistema\/wp-content\/uploads\/2018\/08\/Conf\u00facio-Moura-120x80.jpg 120w\" sizes=\"auto, (max-width: 600px) 100vw, 600px\" \/><figcaption id=\"caption-attachment-233995\" class=\"wp-caption-text\">Conf\u00facio Aires Moura &#8211; (MDB)<\/figcaption><\/figure>\n<figure id=\"attachment_233997\" aria-describedby=\"caption-attachment-233997\" style=\"width: 600px\" class=\"wp-caption aligncenter\"><img loading=\"lazy\" decoding=\"async\" class=\"size-large wp-image-233997\" src=\"http:\/\/www.extraderondonia.com.br\/sistema\/wp-content\/uploads\/2018\/08\/Valdir-Raupp-600x445.jpg\" alt=\"\" width=\"600\" height=\"445\" srcset=\"https:\/\/www.extraderondonia.com.br\/sistema\/wp-content\/uploads\/2018\/08\/Valdir-Raupp-600x445.jpg 600w, https:\/\/www.extraderondonia.com.br\/sistema\/wp-content\/uploads\/2018\/08\/Valdir-Raupp-300x223.jpg 300w, https:\/\/www.extraderondonia.com.br\/sistema\/wp-content\/uploads\/2018\/08\/Valdir-Raupp-768x570.jpg 768w, https:\/\/www.extraderondonia.com.br\/sistema\/wp-content\/uploads\/2018\/08\/Valdir-Raupp-800x594.jpg 800w, https:\/\/www.extraderondonia.com.br\/sistema\/wp-content\/uploads\/2018\/08\/Valdir-Raupp.jpg 868w\" sizes=\"auto, (max-width: 600px) 100vw, 600px\" \/><figcaption id=\"caption-attachment-233997\" class=\"wp-caption-text\">Valdir Raupp de Matos &#8211; (MDB)<\/figcaption><\/figure>\n<figure id=\"attachment_233996\" aria-describedby=\"caption-attachment-233996\" style=\"width: 600px\" class=\"wp-caption aligncenter\"><img loading=\"lazy\" decoding=\"async\" class=\"size-large wp-image-233996\" src=\"http:\/\/www.extraderondonia.com.br\/sistema\/wp-content\/uploads\/2018\/08\/Ed\u00e9sio-Fernandes-600x400.jpg\" alt=\"\" width=\"600\" height=\"400\" srcset=\"https:\/\/www.extraderondonia.com.br\/sistema\/wp-content\/uploads\/2018\/08\/Ed\u00e9sio-Fernandes.jpg 600w, https:\/\/www.extraderondonia.com.br\/sistema\/wp-content\/uploads\/2018\/08\/Ed\u00e9sio-Fernandes-300x200.jpg 300w, https:\/\/www.extraderondonia.com.br\/sistema\/wp-content\/uploads\/2018\/08\/Ed\u00e9sio-Fernandes-120x80.jpg 120w\" sizes=\"auto, (max-width: 600px) 100vw, 600px\" \/><figcaption id=\"caption-attachment-233996\" class=\"wp-caption-text\">Ed\u00e9sio Fernandes da Silva &#8211; (PRB)<\/figcaption><\/figure>\n<figure id=\"attachment_233999\" aria-describedby=\"caption-attachment-233999\" style=\"width: 600px\" class=\"wp-caption aligncenter\"><img loading=\"lazy\" decoding=\"async\" class=\"size-large wp-image-233999\" src=\"http:\/\/www.extraderondonia.com.br\/sistema\/wp-content\/uploads\/2018\/08\/Fabricio-Jurado-600x321.jpg\" alt=\"\" width=\"600\" height=\"321\" srcset=\"https:\/\/www.extraderondonia.com.br\/sistema\/wp-content\/uploads\/2018\/08\/Fabricio-Jurado-600x321.jpg 600w, https:\/\/www.extraderondonia.com.br\/sistema\/wp-content\/uploads\/2018\/08\/Fabricio-Jurado-300x160.jpg 300w, https:\/\/www.extraderondonia.com.br\/sistema\/wp-content\/uploads\/2018\/08\/Fabricio-Jurado.jpg 640w\" sizes=\"auto, (max-width: 600px) 100vw, 600px\" \/><figcaption id=\"caption-attachment-233999\" class=\"wp-caption-text\">Fabr\u00edcio Grisi M\u00e9dici Jurado &#8211; (NOVO)<\/figcaption><\/figure>\n<figure id=\"attachment_234000\" aria-describedby=\"caption-attachment-234000\" style=\"width: 600px\" class=\"wp-caption aligncenter\"><img loading=\"lazy\" decoding=\"async\" class=\"size-large wp-image-234000\" src=\"http:\/\/www.extraderondonia.com.br\/sistema\/wp-content\/uploads\/2018\/08\/Irailton-Daure-600x470.png\" alt=\"\" width=\"600\" height=\"470\" srcset=\"https:\/\/www.extraderondonia.com.br\/sistema\/wp-content\/uploads\/2018\/08\/Irailton-Daure-600x470.png 600w, https:\/\/www.extraderondonia.com.br\/sistema\/wp-content\/uploads\/2018\/08\/Irailton-Daure-300x235.png 300w, https:\/\/www.extraderondonia.com.br\/sistema\/wp-content\/uploads\/2018\/08\/Irailton-Daure.png 694w\" sizes=\"auto, (max-width: 600px) 100vw, 600px\" \/><figcaption id=\"caption-attachment-234000\" class=\"wp-caption-text\">Irailton Daure de Souza &#8211; (PMB)<\/figcaption><\/figure>\n<figure id=\"attachment_234001\" aria-describedby=\"caption-attachment-234001\" style=\"width: 600px\" class=\"wp-caption aligncenter\"><img loading=\"lazy\" decoding=\"async\" class=\"size-large wp-image-234001\" src=\"http:\/\/www.extraderondonia.com.br\/sistema\/wp-content\/uploads\/2018\/08\/Jaime-Bagatolli-600x413.jpg\" alt=\"\" width=\"600\" height=\"413\" srcset=\"https:\/\/www.extraderondonia.com.br\/sistema\/wp-content\/uploads\/2018\/08\/Jaime-Bagatolli-600x413.jpg 600w, https:\/\/www.extraderondonia.com.br\/sistema\/wp-content\/uploads\/2018\/08\/Jaime-Bagatolli-300x206.jpg 300w, https:\/\/www.extraderondonia.com.br\/sistema\/wp-content\/uploads\/2018\/08\/Jaime-Bagatolli.jpg 640w\" sizes=\"auto, (max-width: 600px) 100vw, 600px\" \/><figcaption id=\"caption-attachment-234001\" class=\"wp-caption-text\">Jaime Maximino Bagattoli &#8211; (PSL)<\/figcaption><\/figure>\n<figure id=\"attachment_234002\" aria-describedby=\"caption-attachment-234002\" style=\"width: 600px\" class=\"wp-caption aligncenter\"><img loading=\"lazy\" decoding=\"async\" class=\"size-large wp-image-234002\" src=\"http:\/\/www.extraderondonia.com.br\/sistema\/wp-content\/uploads\/2018\/08\/Jesualdo-Pires-600x338.jpg\" alt=\"\" width=\"600\" height=\"338\" srcset=\"https:\/\/www.extraderondonia.com.br\/sistema\/wp-content\/uploads\/2018\/08\/Jesualdo-Pires-600x338.jpg 600w, https:\/\/www.extraderondonia.com.br\/sistema\/wp-content\/uploads\/2018\/08\/Jesualdo-Pires-300x169.jpg 300w, https:\/\/www.extraderondonia.com.br\/sistema\/wp-content\/uploads\/2018\/08\/Jesualdo-Pires-140x80.jpg 140w, https:\/\/www.extraderondonia.com.br\/sistema\/wp-content\/uploads\/2018\/08\/Jesualdo-Pires.jpg 750w\" sizes=\"auto, (max-width: 600px) 100vw, 600px\" \/><figcaption id=\"caption-attachment-234002\" class=\"wp-caption-text\">Jesualdo Pires Ferreira Junior &#8211; (PSB)<\/figcaption><\/figure>\n<figure id=\"attachment_234003\" aria-describedby=\"caption-attachment-234003\" style=\"width: 600px\" class=\"wp-caption aligncenter\"><img loading=\"lazy\" decoding=\"async\" class=\"size-large wp-image-234003\" src=\"http:\/\/www.extraderondonia.com.br\/sistema\/wp-content\/uploads\/2018\/08\/Josenir-Lopes-600x338.jpg\" alt=\"\" width=\"600\" height=\"338\" srcset=\"https:\/\/www.extraderondonia.com.br\/sistema\/wp-content\/uploads\/2018\/08\/Josenir-Lopes-600x338.jpg 600w, https:\/\/www.extraderondonia.com.br\/sistema\/wp-content\/uploads\/2018\/08\/Josenir-Lopes-300x169.jpg 300w, https:\/\/www.extraderondonia.com.br\/sistema\/wp-content\/uploads\/2018\/08\/Josenir-Lopes-768x432.jpg 768w, https:\/\/www.extraderondonia.com.br\/sistema\/wp-content\/uploads\/2018\/08\/Josenir-Lopes-800x450.jpg 800w, https:\/\/www.extraderondonia.com.br\/sistema\/wp-content\/uploads\/2018\/08\/Josenir-Lopes-140x80.jpg 140w, https:\/\/www.extraderondonia.com.br\/sistema\/wp-content\/uploads\/2018\/08\/Josenir-Lopes.jpg 960w\" sizes=\"auto, (max-width: 600px) 100vw, 600px\" \/><figcaption id=\"caption-attachment-234003\" class=\"wp-caption-text\">Josenir Lopes Dettoni &#8211; (PMB)<\/figcaption><\/figure>\n<figure id=\"attachment_234004\" aria-describedby=\"caption-attachment-234004\" style=\"width: 600px\" class=\"wp-caption aligncenter\"><img loading=\"lazy\" decoding=\"async\" class=\"size-large wp-image-234004\" src=\"http:\/\/www.extraderondonia.com.br\/sistema\/wp-content\/uploads\/2018\/08\/Marcos-Rog\u00e9rio-600x333.jpg\" alt=\"\" width=\"600\" height=\"333\" srcset=\"https:\/\/www.extraderondonia.com.br\/sistema\/wp-content\/uploads\/2018\/08\/Marcos-Rog\u00e9rio-600x333.jpg 600w, https:\/\/www.extraderondonia.com.br\/sistema\/wp-content\/uploads\/2018\/08\/Marcos-Rog\u00e9rio-300x167.jpg 300w, https:\/\/www.extraderondonia.com.br\/sistema\/wp-content\/uploads\/2018\/08\/Marcos-Rog\u00e9rio.jpg 630w\" sizes=\"auto, (max-width: 600px) 100vw, 600px\" \/><figcaption id=\"caption-attachment-234004\" class=\"wp-caption-text\">Marcos Rog\u00e9rio da Silva Brito &#8211; (DEM)<\/figcaption><\/figure>\n<figure id=\"attachment_234005\" aria-describedby=\"caption-attachment-234005\" style=\"width: 600px\" class=\"wp-caption aligncenter\"><img loading=\"lazy\" decoding=\"async\" class=\"size-large wp-image-234005\" src=\"http:\/\/www.extraderondonia.com.br\/sistema\/wp-content\/uploads\/2018\/08\/Bosco-da-federal-600x321.jpg\" alt=\"\" width=\"600\" height=\"321\" srcset=\"https:\/\/www.extraderondonia.com.br\/sistema\/wp-content\/uploads\/2018\/08\/Bosco-da-federal-600x321.jpg 600w, https:\/\/www.extraderondonia.com.br\/sistema\/wp-content\/uploads\/2018\/08\/Bosco-da-federal-300x160.jpg 300w, https:\/\/www.extraderondonia.com.br\/sistema\/wp-content\/uploads\/2018\/08\/Bosco-da-federal.jpg 640w\" sizes=\"auto, (max-width: 600px) 100vw, 600px\" \/><figcaption id=\"caption-attachment-234005\" class=\"wp-caption-text\">Jo\u00e3o Bosco Costa &#8211; (PPS)<\/figcaption><\/figure>\n<p>A reportagem n\u00e3o teve acesso a fotos dos candidatos;<\/p>\n<p>Paulo S\u00e9rgio Augusto da Silva &#8211; (PSTU)<\/p>\n<p>Ted Wilson de Almeida Ferreira &#8211; (PRTB)<\/p>\n<p>Tito Soares Paz &#8211; (PSTU)<\/p>\n<p><em>Texto: Extra de Rond\u00f4nia<\/em><\/p>\n<p><em>Fotos: Divulga\u00e7\u00e3o<\/em><\/p>\n","protected":false},"excerpt":{"rendered":"<p>&nbsp; Com o t\u00e9rmino das conven\u00e7\u00f5es, quinze candidatos disputam duas vagas ao senado na elei\u00e7\u00e3o desse ano em Rond\u00f4nia. Conforme determina\u00e7\u00e3o do Tribunal Superior Eleitoral (TSE), os partidos tiveram at\u00e9 a \u00faltima segunda-feira, 6, para encaminhar aos Tribunais Regionais a ata das conven\u00e7\u00f5es com o registro de suas candidaturas. Confira os nomes dos candidatos. A [&hellip;]<\/p>\n","protected":false},"author":4,"featured_media":234006,"comment_status":"open","ping_status":"closed","sticky":false,"template":"","format":"standard","meta":{"footnotes":""},"categories":[2],"tags":[],"class_list":["post-233975","post","type-post","status-publish","format-standard","has-post-thumbnail","hentry","category-politica"],"_links":{"self":[{"href":"https:\/\/www.extraderondonia.com.br\/sistema\/wp-json\/wp\/v2\/posts\/233975","targetHints":{"allow":["GET"]}}],"collection":[{"href":"https:\/\/www.extraderondonia.com.br\/sistema\/wp-json\/wp\/v2\/posts"}],"about":[{"href":"https:\/\/www.extraderondonia.com.br\/sistema\/wp-json\/wp\/v2\/types\/post"}],"author":[{"embeddable":true,"href":"https:\/\/www.extraderondonia.com.br\/sistema\/wp-json\/wp\/v2\/users\/4"}],"replies":[{"embeddable":true,"href":"https:\/\/www.extraderondonia.com.br\/sistema\/wp-json\/wp\/v2\/comments?post=233975"}],"version-history":[{"count":0,"href":"https:\/\/www.extraderondonia.com.br\/sistema\/wp-json\/wp\/v2\/posts\/233975\/revisions"}],"wp:featuredmedia":[{"embeddable":true,"href":"https:\/\/www.extraderondonia.com.br\/sistema\/wp-json\/wp\/v2\/media\/234006"}],"wp:attachment":[{"href":"https:\/\/www.extraderondonia.com.br\/sistema\/wp-json\/wp\/v2\/media?parent=233975"}],"wp:term":[{"taxonomy":"category","embeddable":true,"href":"https:\/\/www.extraderondonia.com.br\/sistema\/wp-json\/wp\/v2\/categories?post=233975"},{"taxonomy":"post_tag","embeddable":true,"href":"https:\/\/www.extraderondonia.com.br\/sistema\/wp-json\/wp\/v2\/tags?post=233975"}],"curies":[{"name":"wp","href":"https:\/\/api.w.org\/{rel}","templated":true}]}}