{"id":71381,"date":"2015-03-03T10:10:25","date_gmt":"2015-03-03T14:10:25","guid":{"rendered":"http:\/\/www.extraderondonia.com.br\/?p=71381"},"modified":"2015-03-04T06:50:33","modified_gmt":"2015-03-04T10:50:33","slug":"e-hoje-vec-x-ponte-duelam-pela-primeira-fase-da-copa-do-brasil","status":"publish","type":"post","link":"https:\/\/www.extraderondonia.com.br\/sistema\/2015\/03\/03\/e-hoje-vec-x-ponte-duelam-pela-primeira-fase-da-copa-do-brasil\/","title":{"rendered":"\u00c9 HOJE: VEC x Ponte duelam pela primeira fase da Copa do Brasil"},"content":{"rendered":"<p><a href=\"http:\/\/www.extraderondonia.com.br\/sistema\/wp-content\/uploads\/2015\/03\/vec-copa.jpg\"><img loading=\"lazy\" decoding=\"async\" class=\"alignright size-medium wp-image-71382\" src=\"http:\/\/www.extraderondonia.com.br\/sistema\/wp-content\/uploads\/2015\/03\/vec-copa-300x172.jpg\" alt=\"vec copa\" width=\"300\" height=\"172\" srcset=\"https:\/\/www.extraderondonia.com.br\/sistema\/wp-content\/uploads\/2015\/03\/vec-copa-300x172.jpg 300w, https:\/\/www.extraderondonia.com.br\/sistema\/wp-content\/uploads\/2015\/03\/vec-copa-140x80.jpg 140w, https:\/\/www.extraderondonia.com.br\/sistema\/wp-content\/uploads\/2015\/03\/vec-copa.jpg 428w\" sizes=\"auto, (max-width: 300px) 100vw, 300px\" \/><\/a>Nesta ter\u00e7a-feira, 03, o VEC vai iniciar a sua caminhada na Copa do Brasil 2015. O Lobo enfrenta a Macaca, \u00e0s 20h30 (hor\u00e1rio local), no est\u00e1dio Portal da Amaz\u00f4nia pela partida de ida da primeira fase da competi\u00e7\u00e3o nacional.<\/p>\n<p>A equipe est\u00e1 concentrada deste domingo, 1, para o confronto contra o time paulista e o incentivo a mais para os jogadores \u00e9 poder contar com o mando de campo e apoio da torcida.<\/p>\n<p>Com a venda de ingressos \u00e0 todo vapor, na cidade o que se comenta \u00e9 sobre a possibilidade do VEC fazer um bom resultado logo mais.<\/p>\n<p>Os ingressos est\u00e3o sendo vendidos ainda no valor promocional, sendo R$ 40, e camarotes para dez pessoas a R$ 1000.<\/p>\n<p>Quem quiser acompanhar a partida entre Vilhena e Ponte Preta pode ficar ligado no canal por assinatura SporTV.<\/p>\n<p>Texto: Extra de Rond\u00f4nia<\/p>\n<p>Foto: Extra de Rond\u00f4nia<\/p>\n<p>&nbsp;<\/p>\n","protected":false},"excerpt":{"rendered":"<p>Nesta ter\u00e7a-feira, 03, o VEC vai iniciar a sua caminhada na Copa do Brasil 2015. O Lobo enfrenta a Macaca, \u00e0s 20h30 (hor\u00e1rio local), no est\u00e1dio Portal da Amaz\u00f4nia pela partida de ida da primeira fase da competi\u00e7\u00e3o nacional. A equipe est\u00e1 concentrada deste domingo, 1, para o confronto contra o time paulista e o [&hellip;]<\/p>\n","protected":false},"author":2,"featured_media":71382,"comment_status":"open","ping_status":"closed","sticky":false,"template":"","format":"standard","meta":{"footnotes":""},"categories":[12],"tags":[],"class_list":["post-71381","post","type-post","status-publish","format-standard","has-post-thumbnail","hentry","category-sem-categoria"],"_links":{"self":[{"href":"https:\/\/www.extraderondonia.com.br\/sistema\/wp-json\/wp\/v2\/posts\/71381","targetHints":{"allow":["GET"]}}],"collection":[{"href":"https:\/\/www.extraderondonia.com.br\/sistema\/wp-json\/wp\/v2\/posts"}],"about":[{"href":"https:\/\/www.extraderondonia.com.br\/sistema\/wp-json\/wp\/v2\/types\/post"}],"author":[{"embeddable":true,"href":"https:\/\/www.extraderondonia.com.br\/sistema\/wp-json\/wp\/v2\/users\/2"}],"replies":[{"embeddable":true,"href":"https:\/\/www.extraderondonia.com.br\/sistema\/wp-json\/wp\/v2\/comments?post=71381"}],"version-history":[{"count":0,"href":"https:\/\/www.extraderondonia.com.br\/sistema\/wp-json\/wp\/v2\/posts\/71381\/revisions"}],"wp:featuredmedia":[{"embeddable":true,"href":"https:\/\/www.extraderondonia.com.br\/sistema\/wp-json\/wp\/v2\/media\/71382"}],"wp:attachment":[{"href":"https:\/\/www.extraderondonia.com.br\/sistema\/wp-json\/wp\/v2\/media?parent=71381"}],"wp:term":[{"taxonomy":"category","embeddable":true,"href":"https:\/\/www.extraderondonia.com.br\/sistema\/wp-json\/wp\/v2\/categories?post=71381"},{"taxonomy":"post_tag","embeddable":true,"href":"https:\/\/www.extraderondonia.com.br\/sistema\/wp-json\/wp\/v2\/tags?post=71381"}],"curies":[{"name":"wp","href":"https:\/\/api.w.org\/{rel}","templated":true}]}}